{"id":15359,"date":"2017-06-29T15:15:22","date_gmt":"2017-06-29T18:15:22","guid":{"rendered":"http:\/\/www.maisbn.com\/portal\/?p=15359"},"modified":"2017-06-29T15:15:22","modified_gmt":"2017-06-29T18:15:22","slug":"populacao-de-barrolandia-revoltada-planeja-manifestacao-em-favor-dos-professores","status":"publish","type":"post","link":"https:\/\/www.maisbn.com\/portal\/2017\/06\/populacao-de-barrolandia-revoltada-planeja-manifestacao-em-favor-dos-professores\/","title":{"rendered":"Popula\u00e7\u00e3o de Barrol\u00e2ndia revoltada planeja manifesta\u00e7\u00e3o em favor dos professores."},"content":{"rendered":"<div id=\"attachment_15360\" style=\"width: 652px\" class=\"wp-caption aligncenter\"><a href=\"http:\/\/www.maisbn.com\/portal\/wp-content\/uploads\/2017\/06\/manifestacao_barrolandia00001.jpg\"><img loading=\"lazy\" decoding=\"async\" aria-describedby=\"caption-attachment-15360\" class=\"wp-image-15360 size-full\" src=\"http:\/\/www.maisbn.com\/portal\/wp-content\/uploads\/2017\/06\/manifestacao_barrolandia00001.jpg\" alt=\"manifestacao_barrolandia00001\" width=\"642\" height=\"412\" \/><\/a><p id=\"caption-attachment-15360\" class=\"wp-caption-text\">Reuni\u00e3o da comunidade no Col\u00e9gio Municipal Clemenceau Teixeira.<\/p><\/div>\n<p>A contenda entre os professores e o Prefeito Janival Borges ganhar\u00e1 mais um cap\u00edtulo nessa sexta-feira (30\/06). Estamos falando de uma nova manifesta\u00e7\u00e3o que acontecer\u00e1 no Distrito de Barrol\u00e2ndia promovida por pais, alunos, vereadores e diversas pessoas da comunidade. A decis\u00e3o foi tomada na manh\u00e3 dessa quinta-feira (29\/06) em uma reuni\u00e3o realizada no Col\u00e9gio Municipal Clemenceau Teixeira.<\/p>\n<p>A popula\u00e7\u00e3o se mostrou revoltada com a crise que se instalou na educa\u00e7\u00e3o belmontense e diversas pessoas que tomaram a palavra acusaram o gestor de estar sendo insens\u00edvel com a situa\u00e7\u00e3o dos alunos e de agir como um ditador com os professores n\u00e3o querendo pagar o que lhes \u00e9 garantido por lei. Depois dos diversos depoimentos acalorados ficou definido na reuni\u00e3o que os manifestantes ocupar\u00e3o a BA-275 a partir das 06:00Hrs da manh\u00e3 interrompendo o fluxo de ve\u00edculos pela rodovia. O intuito do movimento \u00e9 chamar a aten\u00e7\u00e3o da opini\u00e3o p\u00fablica e fazer com que o Prefeito Janival Borges volte \u00e0 mesa de negocia\u00e7\u00f5es para conversar com os representantes dos educadores.<\/p>\n<p>A greve geral decretada pelos professores j\u00e1 caminha para o seu d\u00e9cimo dia e, at\u00e9 o momento, n\u00e3o h\u00e1 perspectiva de que se tenha uma resolu\u00e7\u00e3o a curto prazo. A \u00faltima reuni\u00e3o entre a APLB (Sindicato que representa a categoria) e o Prefeito Janival Borges aconteceu na manh\u00e3 da \u00faltima ter\u00e7a-feira (27\/06) onde o gestor belmontense revelou aos presentes que n\u00e3o iria negociar e preferia espera uma decis\u00e3o judicial para um mandado de seguran\u00e7a impetrado pela APLB. Ainda na reuni\u00e3o o gestor comentou que a Prefeitura de Belmonte n\u00e3o tinha recursos para pagar o que estava sendo exigido pela categoria sem infligir a Lei de Responsabilidade Fiscal. Diante da resposta dada pelo executivo municipal, os educadores decidiram dar continuidade \u00e0 greve por tempo indeterminado.<\/p>\n<p><a href=\"http:\/\/www.maisbn.com\/portal\/wp-content\/uploads\/2017\/06\/Belmonte-sem-aulas-e1497999803184.jpg\"><img loading=\"lazy\" decoding=\"async\" class=\"aligncenter  wp-image-15277\" src=\"http:\/\/www.maisbn.com\/portal\/wp-content\/uploads\/2017\/06\/Belmonte-sem-aulas-1000x776.jpg\" alt=\"Belmonte sem aulas\" width=\"700\" height=\"543\" \/><\/a><\/p>\n<p><strong>Entenda o caso<\/strong><\/p>\n<p>Os professores exigem o pagamento do piso nacional da categoria estabelecido pelo Minist\u00e9rio da Educa\u00e7\u00e3o que esse ano foi reajustado em 7,64%. Tamb\u00e9m faz parte das exig\u00eancias o pagamento dos retroativos relativos a janeiro, m\u00eas em que o reajuste entrou em vigor. A Prefeitura Municipal de Belmonte, por sua vez, alega que o munic\u00edpio n\u00e3o tem dinheiro para bancar os custos e sugeriu um escalonamento, proposta que n\u00e3o foi aceita pela categoria. Fontes da Secretaria Municipal de Educa\u00e7\u00e3o revelaram \u00e0 nossa equipe que s\u00f3 o pagamento dos retroativos podem gerar um montante em torno de R$ 500.000,00 nas contas do munic\u00edpio e que esse valor s\u00f3 aumenta com o passar dos meses.<\/p>\n<p>Os professores, por sua vez, revelam que os argumentos do Prefeito Janival Borges n\u00e3o se sustentam porque o Governo Federal vem pagando o reajuste da categoria desde o m\u00eas de Janeiro. A APLB informa que vem tentando marcar sem sucesso uma reuni\u00e3o com o Prefeito Janival Borges desde o in\u00edcio do ano para discutir a situa\u00e7\u00e3o e que a gest\u00e3o s\u00f3 aceitou negociar agora porque o munic\u00edpio tem como data-base para o reajuste da categoria o m\u00eas de maio. \u201cEssa situa\u00e7\u00e3o foi criada pelo pr\u00f3prio prefeito. N\u00f3s v\u00ednhamos alertando sobre a situa\u00e7\u00e3o e a gest\u00e3o municipal vinha enrolando. Agora a categoria quer o seu direito e n\u00e3o pode ser prejudicada por causa de um erro de estrat\u00e9gia administrativa.\u201d \u2013 Informou um dos representantes da APLB envolvido nas negocia\u00e7\u00f5es.<\/p>\n<p>&nbsp;<\/p>\n<p>&nbsp;<\/p>\n","protected":false},"excerpt":{"rendered":"<p>A contenda entre os professores e o Prefeito Janival Borges ganhar\u00e1 mais um cap\u00edtulo nessa sexta-feira (30\/06). Estamos falando de uma nova manifesta\u00e7\u00e3o que acontecer\u00e1 no Distrito de Barrol\u00e2ndia promovida por pais, alunos, vereadores e diversas pessoas da comunidade. A decis\u00e3o foi tomada na manh\u00e3 dessa quinta-feira (29\/06) em uma reuni\u00e3o realizada no Col\u00e9gio Municipal [&hellip;]<\/p>\n","protected":false},"author":7,"featured_media":15360,"comment_status":"open","ping_status":"open","sticky":false,"template":"","format":"standard","meta":{"footnotes":""},"categories":[8,1],"tags":[108],"class_list":["post-15359","post","type-post","status-publish","format-standard","has-post-thumbnail","hentry","category-educacao","category-noticias","tag-belmonte"],"_links":{"self":[{"href":"https:\/\/www.maisbn.com\/portal\/wp-json\/wp\/v2\/posts\/15359","targetHints":{"allow":["GET"]}}],"collection":[{"href":"https:\/\/www.maisbn.com\/portal\/wp-json\/wp\/v2\/posts"}],"about":[{"href":"https:\/\/www.maisbn.com\/portal\/wp-json\/wp\/v2\/types\/post"}],"author":[{"embeddable":true,"href":"https:\/\/www.maisbn.com\/portal\/wp-json\/wp\/v2\/users\/7"}],"replies":[{"embeddable":true,"href":"https:\/\/www.maisbn.com\/portal\/wp-json\/wp\/v2\/comments?post=15359"}],"version-history":[{"count":1,"href":"https:\/\/www.maisbn.com\/portal\/wp-json\/wp\/v2\/posts\/15359\/revisions"}],"predecessor-version":[{"id":15361,"href":"https:\/\/www.maisbn.com\/portal\/wp-json\/wp\/v2\/posts\/15359\/revisions\/15361"}],"wp:featuredmedia":[{"embeddable":true,"href":"https:\/\/www.maisbn.com\/portal\/wp-json\/wp\/v2\/media\/15360"}],"wp:attachment":[{"href":"https:\/\/www.maisbn.com\/portal\/wp-json\/wp\/v2\/media?parent=15359"}],"wp:term":[{"taxonomy":"category","embeddable":true,"href":"https:\/\/www.maisbn.com\/portal\/wp-json\/wp\/v2\/categories?post=15359"},{"taxonomy":"post_tag","embeddable":true,"href":"https:\/\/www.maisbn.com\/portal\/wp-json\/wp\/v2\/tags?post=15359"}],"curies":[{"name":"wp","href":"https:\/\/api.w.org\/{rel}","templated":true}]}}