{"id":15346,"date":"2017-06-28T15:54:23","date_gmt":"2017-06-28T18:54:23","guid":{"rendered":"http:\/\/www.maisbn.com\/portal\/?p=15346"},"modified":"2017-06-28T15:59:34","modified_gmt":"2017-06-28T18:59:34","slug":"greve-dos-professores-preocupa-os-dirigentes-do-poder-legislativo-de-belmonte","status":"publish","type":"post","link":"https:\/\/www.maisbn.com\/portal\/2017\/06\/greve-dos-professores-preocupa-os-dirigentes-do-poder-legislativo-de-belmonte\/","title":{"rendered":"Greve dos professores preocupa os dirigentes do poder legislativo de Belmonte."},"content":{"rendered":"<p>Na tarde dessa quarta-feira (28\/06) nossa equipe de reportagem entrou em contato com os vereadores Aelson Matos (Calango) e Alfredo Aberceb, presidente e vice-presidente da C\u00e2mara de Vereadores de Belmonte para ouvir das duas lideran\u00e7as o posicionamento do legislativo sobre a situa\u00e7\u00e3o da greve dos professores . Os dois dirigentes se mostraram preocupados com a situa\u00e7\u00e3o de crise em que vive a educa\u00e7\u00e3o municipal e que planejam, junto com os outros vereadores, terem uma audi\u00eancia com o prefeito Janival Borges para tentar fazer com que as negocia\u00e7\u00f5es entre a gest\u00e3o municipal e a APLB sejam retomadas.<\/p>\n<div id=\"attachment_13894\" style=\"width: 660px\" class=\"wp-caption aligncenter\"><a href=\"http:\/\/www.maisbn.com\/portal\/wp-content\/uploads\/2017\/02\/vereador_calango002.jpg\"><img loading=\"lazy\" decoding=\"async\" aria-describedby=\"caption-attachment-13894\" class=\"wp-image-13894 size-full\" src=\"http:\/\/www.maisbn.com\/portal\/wp-content\/uploads\/2017\/02\/vereador_calango002.jpg\" alt=\"vereador_calango002\" width=\"650\" height=\"412\" \/><\/a><p id=\"caption-attachment-13894\" class=\"wp-caption-text\">Vereador Aelson Matos (Calango)<\/p><\/div>\n<p>O Presidente Aelson Matos deixou claro que h\u00e1 uma distin\u00e7\u00e3o entre as atribui\u00e7\u00f5es do legislativo e do executivo, que os poderes s\u00e3o independentes, mas que nada impede uma tentativa de conversar com o Prefeito Janival Borges. &#8220;N\u00f3s n\u00e3o podemos interferir nas atribui\u00e7\u00f5es do executivo, mas todos os vereadores est\u00e3o dispostos a sentar com o gestor e conseguir chegar a um entendimento para que o mesmo volte a conversar com a categoria. O que est\u00e1 em jogo \u00e9 a educa\u00e7\u00e3o de nossas crian\u00e7as e as partes envolvidas precisam voltar a conversar.&#8221; &#8211; Comentou o Vereador Aelson Matos.<\/p>\n<div id=\"attachment_13890\" style=\"width: 660px\" class=\"wp-caption aligncenter\"><a href=\"http:\/\/www.maisbn.com\/portal\/wp-content\/uploads\/2017\/02\/vereador_alfredo001.jpg\"><img loading=\"lazy\" decoding=\"async\" aria-describedby=\"caption-attachment-13890\" class=\"size-full wp-image-13890\" src=\"http:\/\/www.maisbn.com\/portal\/wp-content\/uploads\/2017\/02\/vereador_alfredo001.jpg\" alt=\"Vereador Alfredo Aberceb.\" width=\"650\" height=\"412\" \/><\/a><p id=\"caption-attachment-13890\" class=\"wp-caption-text\">Vereador Alfredo Aberceb.<\/p><\/div>\n<p>O Vice-presidente Alfredo Aberceb informou que a quest\u00e3o n\u00e3o \u00e9 de se revelar de que lado est\u00e1, e sim, pensar nos jovens belmontenses. O mesmo comentou que as partes envolvidas precisam chegar a um consenso porque quem perde \u00e9 a cidade. &#8220;Ningu\u00e9m est\u00e1 ganhando com isso e estamos dispostos a ajudar independente de pol\u00edtica ou partido. Eu defendo que o legislativo converse com as partes e tente mediar um acordo para que esse embate n\u00e3o acabe em preju\u00edzo. Eu, o presidente e demais vereadores, pretendemos conversar com o prefeito e a categoria e faze-los voltar para mesa de negocia\u00e7\u00f5es. A resolu\u00e7\u00e3o dessa crise depende da participa\u00e7\u00e3o de todos.&#8221; &#8211; Finalizou Alfredo.<\/p>\n<p>&nbsp;<\/p>\n","protected":false},"excerpt":{"rendered":"<p>Na tarde dessa quarta-feira (28\/06) nossa equipe de reportagem entrou em contato com os vereadores Aelson Matos (Calango) e Alfredo Aberceb, presidente e vice-presidente da C\u00e2mara de Vereadores de Belmonte para ouvir das duas lideran\u00e7as o posicionamento do legislativo sobre a situa\u00e7\u00e3o da greve dos professores . Os dois dirigentes se mostraram preocupados com a [&hellip;]<\/p>\n","protected":false},"author":7,"featured_media":6567,"comment_status":"open","ping_status":"open","sticky":false,"template":"","format":"standard","meta":{"footnotes":""},"categories":[8,1],"tags":[108],"class_list":["post-15346","post","type-post","status-publish","format-standard","has-post-thumbnail","hentry","category-educacao","category-noticias","tag-belmonte"],"_links":{"self":[{"href":"https:\/\/www.maisbn.com\/portal\/wp-json\/wp\/v2\/posts\/15346","targetHints":{"allow":["GET"]}}],"collection":[{"href":"https:\/\/www.maisbn.com\/portal\/wp-json\/wp\/v2\/posts"}],"about":[{"href":"https:\/\/www.maisbn.com\/portal\/wp-json\/wp\/v2\/types\/post"}],"author":[{"embeddable":true,"href":"https:\/\/www.maisbn.com\/portal\/wp-json\/wp\/v2\/users\/7"}],"replies":[{"embeddable":true,"href":"https:\/\/www.maisbn.com\/portal\/wp-json\/wp\/v2\/comments?post=15346"}],"version-history":[{"count":3,"href":"https:\/\/www.maisbn.com\/portal\/wp-json\/wp\/v2\/posts\/15346\/revisions"}],"predecessor-version":[{"id":15353,"href":"https:\/\/www.maisbn.com\/portal\/wp-json\/wp\/v2\/posts\/15346\/revisions\/15353"}],"wp:featuredmedia":[{"embeddable":true,"href":"https:\/\/www.maisbn.com\/portal\/wp-json\/wp\/v2\/media\/6567"}],"wp:attachment":[{"href":"https:\/\/www.maisbn.com\/portal\/wp-json\/wp\/v2\/media?parent=15346"}],"wp:term":[{"taxonomy":"category","embeddable":true,"href":"https:\/\/www.maisbn.com\/portal\/wp-json\/wp\/v2\/categories?post=15346"},{"taxonomy":"post_tag","embeddable":true,"href":"https:\/\/www.maisbn.com\/portal\/wp-json\/wp\/v2\/tags?post=15346"}],"curies":[{"name":"wp","href":"https:\/\/api.w.org\/{rel}","templated":true}]}}