{"id":15342,"date":"2017-06-28T11:59:40","date_gmt":"2017-06-28T14:59:40","guid":{"rendered":"http:\/\/www.maisbn.com\/portal\/?p=15342"},"modified":"2017-06-28T11:59:40","modified_gmt":"2017-06-28T14:59:40","slug":"populacao-sai-as-ruas-e-pede-uma-solucao-para-a-greve-da-rede-municipal-de-ensino-em-belmonte","status":"publish","type":"post","link":"https:\/\/www.maisbn.com\/portal\/2017\/06\/populacao-sai-as-ruas-e-pede-uma-solucao-para-a-greve-da-rede-municipal-de-ensino-em-belmonte\/","title":{"rendered":"Popula\u00e7\u00e3o sai \u00e0s ruas e pede uma solu\u00e7\u00e3o para a greve da rede municipal de ensino em Belmonte."},"content":{"rendered":"<p>O clima vem esquentando em Belmonte ap\u00f3s a declara\u00e7\u00e3o do Prefeito Janival Borges em s\u00f3 negociar com a categoria dos professores ap\u00f3s decis\u00e3o judicial de um mandado de seguran\u00e7a impetrado pela APLB, sindicato representante dos profissionais. A not\u00edcia n\u00e3o foi bem recebida pelos pais dos alunos que est\u00e3o preocupados que suas crian\u00e7as e adolescentes tenham o ano letivo prejudicado por causa dessa contenda entre os professores e o gestor municipal.<\/p>\n<p><a href=\"http:\/\/www.maisbn.com\/portal\/wp-content\/uploads\/2017\/06\/materia_manifestacaopais00001.jpg\"><img loading=\"lazy\" decoding=\"async\" class=\"aligncenter size-full wp-image-15343\" src=\"http:\/\/www.maisbn.com\/portal\/wp-content\/uploads\/2017\/06\/materia_manifestacaopais00001.jpg\" alt=\"materia_manifestacaopais00001\" width=\"642\" height=\"412\" \/><\/a><\/p>\n<p>Diante do acontecimento, uma manifesta\u00e7\u00e3o aconteceu nessa quarta-feira (28\/06), onde pais, alunos e alguns professores sa\u00edram pela Avenida Riomar em passeata pedindo para que o embate tenha uma solu\u00e7\u00e3o rapidamente e que as aulas sejam retomadas na rede municipal de ensino. Os manifestantes seguiram at\u00e9 \u00e0 frente da Prefeitura Municipal onde gritaram palavras de ordem e exigiram que o Prefeito Janival Borges volte a negociar com os professores. Logo ap\u00f3s, o cortejo seguiu e fez uma parada \u00e0 frente da sede da C\u00e2mara de Vereadores de Belmonte onde os manifestantes foram recebidos pelo Vereador Daco. O mesmo conversou com todos os presentes e fez duros ataques ao Prefeito Janival Borges.\u00a0 Em seu depoimento o edil revelou que vem sendo questionado sobre a situa\u00e7\u00e3o e que tem respondido que apoia o movimento dos professores. &#8220;<em>Esse prefeito que est\u00e1 a\u00ed n\u00e3o tem o m\u00ednimo de respeito e responsabilidade por voc\u00eas. Os repasses do Governo Federal est\u00e3o chegando \u00e0s contas da Prefeitura desde janeiro e at\u00e9 agora nada chegou para os professores. Esses profissionais estudaram para estar exercendo a profiss\u00e3o e tem que ter os seus direitos respeitados.&#8221;<\/em> &#8211; Comentou o Vereador aos manifestantes.<\/p>\n<p><a href=\"http:\/\/www.maisbn.com\/portal\/wp-content\/uploads\/2017\/06\/materia_manifestacaopais00002.jpg\"><img loading=\"lazy\" decoding=\"async\" class=\"aligncenter size-full wp-image-15344\" src=\"http:\/\/www.maisbn.com\/portal\/wp-content\/uploads\/2017\/06\/materia_manifestacaopais00002.jpg\" alt=\"materia_manifestacaopais00002\" width=\"642\" height=\"412\" \/><\/a><\/p>\n<p>Informa\u00e7\u00f5es conseguidas por nossa equipe, ainda constam que um grupo de pais planeja participar o caso ao Minist\u00e9rio P\u00fablico e pedir para que a justi\u00e7a interceda determinando que as partes sentem novamente e reabram as negocia\u00e7\u00f5es.<\/p>\n<p><strong>As discuss\u00f5es tamb\u00e9m esquentam nas redes sociais.<\/strong><\/p>\n<p>O fato repercutiu mal tamb\u00e9m nas redes sociais onde o Prefeito Janival Borges vem sofrendo duros ataques. Os internautas acusam o gestor de estar desrespeitando a classe dos professores e que o mesmos n\u00e3o est\u00e1 se preocupando com o futuro das crian\u00e7as belmontenses. Por outro lado, partid\u00e1rios do gestor municipal, acusam a APLB e a oposi\u00e7\u00e3o ao atual governo de estar incitando a popula\u00e7\u00e3o contra ao Prefeito Janival Borges. Um ponto em comum que reina nos dois lados \u00e9 que a situa\u00e7\u00e3o \u00e9 grave e que merece uma solu\u00e7\u00e3o urgente.<\/p>\n<p><a href=\"http:\/\/www.maisbn.com\/portal\/wp-content\/uploads\/2017\/06\/Belmonte-sem-aulas-e1497999803184.jpg\"><img loading=\"lazy\" decoding=\"async\" class=\"aligncenter wp-image-15277\" src=\"http:\/\/www.maisbn.com\/portal\/wp-content\/uploads\/2017\/06\/Belmonte-sem-aulas-1000x776.jpg\" alt=\"Belmonte sem aulas\" width=\"637\" height=\"494\" \/><\/a><\/p>\n<p><strong>Entenda o caso<\/strong><\/p>\n<p>Os professores exigem o pagamento do piso nacional da categoria estabelecido pelo Minist\u00e9rio da Educa\u00e7\u00e3o que esse ano foi reajustado em 7,64%. Tamb\u00e9m faz parte das exig\u00eancias o pagamento dos retroativos relativos a janeiro, m\u00eas em que o reajuste entrou em vigor. A Prefeitura Municipal de Belmonte, por sua vez, alega que o munic\u00edpio n\u00e3o tem dinheiro para bancar os custos e sugeriu um escalonamento, proposta que n\u00e3o foi aceita pela categoria. Fontes da Secretaria Municipal de Educa\u00e7\u00e3o revelaram \u00e0 nossa equipe que s\u00f3 o pagamento dos retroativos podem gerar um rombo em torno de R$ 500.000,00 nas contas do munic\u00edpio e que esse montante s\u00f3 aumenta com o passar dos meses.<\/p>\n<p>Os professores, por sua vez, revelam que os argumentos do Prefeito Janival Borges n\u00e3o se sustentam porque o Governo Federal vem pagando o reajuste da categoria desde o m\u00eas de Janeiro. A APLB informa que vem tentando marcar sem sucesso uma reuni\u00e3o com o Prefeito Janival Borges desde o in\u00edcio do ano para discutir a situa\u00e7\u00e3o e que a gest\u00e3o s\u00f3 aceitou negociar agora porque o munic\u00edpio tem como data-base para o reajuste da categoria o m\u00eas de maio. \u201cEssa situa\u00e7\u00e3o foi criada pelo pr\u00f3prio prefeito. N\u00f3s v\u00ednhamos alertando sobre a situa\u00e7\u00e3o e a gest\u00e3o municipal vinha enrolando. Agora a categoria quer o seu direito e n\u00e3o pode ser prejudicada por causa de um erro de estrat\u00e9gia administrativa.\u201d \u2013 Informou um dos representantes da APLB envolvido nas negocia\u00e7\u00f5es.<\/p>\n<p>&nbsp;<\/p>\n","protected":false},"excerpt":{"rendered":"<p>O clima vem esquentando em Belmonte ap\u00f3s a declara\u00e7\u00e3o do Prefeito Janival Borges em s\u00f3 negociar com a categoria dos professores ap\u00f3s decis\u00e3o judicial de um mandado de seguran\u00e7a impetrado pela APLB, sindicato representante dos profissionais. A not\u00edcia n\u00e3o foi bem recebida pelos pais dos alunos que est\u00e3o preocupados que suas crian\u00e7as e adolescentes tenham [&hellip;]<\/p>\n","protected":false},"author":7,"featured_media":15343,"comment_status":"open","ping_status":"open","sticky":false,"template":"","format":"standard","meta":{"footnotes":""},"categories":[8,1],"tags":[108],"class_list":["post-15342","post","type-post","status-publish","format-standard","has-post-thumbnail","hentry","category-educacao","category-noticias","tag-belmonte"],"_links":{"self":[{"href":"https:\/\/www.maisbn.com\/portal\/wp-json\/wp\/v2\/posts\/15342","targetHints":{"allow":["GET"]}}],"collection":[{"href":"https:\/\/www.maisbn.com\/portal\/wp-json\/wp\/v2\/posts"}],"about":[{"href":"https:\/\/www.maisbn.com\/portal\/wp-json\/wp\/v2\/types\/post"}],"author":[{"embeddable":true,"href":"https:\/\/www.maisbn.com\/portal\/wp-json\/wp\/v2\/users\/7"}],"replies":[{"embeddable":true,"href":"https:\/\/www.maisbn.com\/portal\/wp-json\/wp\/v2\/comments?post=15342"}],"version-history":[{"count":1,"href":"https:\/\/www.maisbn.com\/portal\/wp-json\/wp\/v2\/posts\/15342\/revisions"}],"predecessor-version":[{"id":15345,"href":"https:\/\/www.maisbn.com\/portal\/wp-json\/wp\/v2\/posts\/15342\/revisions\/15345"}],"wp:featuredmedia":[{"embeddable":true,"href":"https:\/\/www.maisbn.com\/portal\/wp-json\/wp\/v2\/media\/15343"}],"wp:attachment":[{"href":"https:\/\/www.maisbn.com\/portal\/wp-json\/wp\/v2\/media?parent=15342"}],"wp:term":[{"taxonomy":"category","embeddable":true,"href":"https:\/\/www.maisbn.com\/portal\/wp-json\/wp\/v2\/categories?post=15342"},{"taxonomy":"post_tag","embeddable":true,"href":"https:\/\/www.maisbn.com\/portal\/wp-json\/wp\/v2\/tags?post=15342"}],"curies":[{"name":"wp","href":"https:\/\/api.w.org\/{rel}","templated":true}]}}