{"id":15339,"date":"2017-06-28T09:00:24","date_gmt":"2017-06-28T12:00:24","guid":{"rendered":"http:\/\/www.maisbn.com\/portal\/?p=15339"},"modified":"2017-06-28T09:00:24","modified_gmt":"2017-06-28T12:00:24","slug":"embasa-informa-interrupcao-do-fornecimento-de-agua-em-belmonte-2","status":"publish","type":"post","link":"https:\/\/www.maisbn.com\/portal\/2017\/06\/embasa-informa-interrupcao-do-fornecimento-de-agua-em-belmonte-2\/","title":{"rendered":"Embasa informa interrup\u00e7\u00e3o do fornecimento de \u00e1gua em Belmonte."},"content":{"rendered":"<p><a href=\"http:\/\/www.maisbn.com\/portal\/wp-content\/uploads\/2016\/10\/embasa_informe.jpg\"><img loading=\"lazy\" decoding=\"async\" class=\"aligncenter size-full wp-image-12823\" src=\"http:\/\/www.maisbn.com\/portal\/wp-content\/uploads\/2016\/10\/embasa_informe.jpg\" alt=\"embasa_informe\" width=\"704\" height=\"318\" \/><\/a><\/p>\n<p>O escrit\u00f3rio da EMBASA em Belmonte informou na manh\u00e3 dessa quarta-feira (28\/06) a interrup\u00e7\u00e3o do fornecimento de \u00e1gua devido a uma falta de energia ocorrida na capta\u00e7\u00e3o do sistema. A ger\u00eancia local informou que o fato j\u00e1 foi notificado \u00e0 COELBA e que espera a solu\u00e7\u00e3o do problema para que os trabalhos sejam retomados.<\/p>\n","protected":false},"excerpt":{"rendered":"<p>O escrit\u00f3rio da EMBASA em Belmonte informou na manh\u00e3 dessa quarta-feira (28\/06) a interrup\u00e7\u00e3o do fornecimento de \u00e1gua devido a uma falta de energia ocorrida na capta\u00e7\u00e3o do sistema. A ger\u00eancia local informou que o fato j\u00e1 foi notificado \u00e0 COELBA e que espera a solu\u00e7\u00e3o do problema para que os trabalhos sejam retomados.<\/p>\n","protected":false},"author":7,"featured_media":12823,"comment_status":"open","ping_status":"open","sticky":false,"template":"","format":"standard","meta":{"footnotes":""},"categories":[45,1],"tags":[108],"class_list":["post-15339","post","type-post","status-publish","format-standard","has-post-thumbnail","hentry","category-cidades","category-noticias","tag-belmonte"],"_links":{"self":[{"href":"https:\/\/www.maisbn.com\/portal\/wp-json\/wp\/v2\/posts\/15339","targetHints":{"allow":["GET"]}}],"collection":[{"href":"https:\/\/www.maisbn.com\/portal\/wp-json\/wp\/v2\/posts"}],"about":[{"href":"https:\/\/www.maisbn.com\/portal\/wp-json\/wp\/v2\/types\/post"}],"author":[{"embeddable":true,"href":"https:\/\/www.maisbn.com\/portal\/wp-json\/wp\/v2\/users\/7"}],"replies":[{"embeddable":true,"href":"https:\/\/www.maisbn.com\/portal\/wp-json\/wp\/v2\/comments?post=15339"}],"version-history":[{"count":1,"href":"https:\/\/www.maisbn.com\/portal\/wp-json\/wp\/v2\/posts\/15339\/revisions"}],"predecessor-version":[{"id":15340,"href":"https:\/\/www.maisbn.com\/portal\/wp-json\/wp\/v2\/posts\/15339\/revisions\/15340"}],"wp:featuredmedia":[{"embeddable":true,"href":"https:\/\/www.maisbn.com\/portal\/wp-json\/wp\/v2\/media\/12823"}],"wp:attachment":[{"href":"https:\/\/www.maisbn.com\/portal\/wp-json\/wp\/v2\/media?parent=15339"}],"wp:term":[{"taxonomy":"category","embeddable":true,"href":"https:\/\/www.maisbn.com\/portal\/wp-json\/wp\/v2\/categories?post=15339"},{"taxonomy":"post_tag","embeddable":true,"href":"https:\/\/www.maisbn.com\/portal\/wp-json\/wp\/v2\/tags?post=15339"}],"curies":[{"name":"wp","href":"https:\/\/api.w.org\/{rel}","templated":true}]}}