{"id":15336,"date":"2017-06-27T19:07:50","date_gmt":"2017-06-27T22:07:50","guid":{"rendered":"http:\/\/www.maisbn.com\/portal\/?p=15336"},"modified":"2017-06-27T19:07:50","modified_gmt":"2017-06-27T22:07:50","slug":"professores-e-prefeito-janival-borges-nao-entram-em-acordo-e-a-greve-continua","status":"publish","type":"post","link":"https:\/\/www.maisbn.com\/portal\/2017\/06\/professores-e-prefeito-janival-borges-nao-entram-em-acordo-e-a-greve-continua\/","title":{"rendered":"Professores e prefeito Janival Borges n\u00e3o entram em acordo e a greve continua."},"content":{"rendered":"<p>O diret\u00f3rio da APLB de Belmonte se reuniu na manh\u00e3 dessa ter\u00e7a-feira (27\/06) com o Prefeito Janival Borges e sua equipe e informou que as partes presentes n\u00e3o chegaram a um consenso em torno do reajuste do piso salarial dos professores municipais e que tamb\u00e9m n\u00e3o houve acordo sobre o pagamento do retroativo. Nossa equipe conversou com representantes da APLB-Belmonte que participaram da reuni\u00e3o e os mesmos informaram que o gestor se mostrou irredut\u00edvel com rela\u00e7\u00e3o \u00e0s demandas apresentadas pela categoria. Segundo os mesmos, o prefeito n\u00e3o apresentou nenhuma proposta e comentou que preferia esperar pelo resultado do mandado de seguran\u00e7a impetrado pela entidade na justi\u00e7a.<\/p>\n<div id=\"attachment_15210\" style=\"width: 710px\" class=\"wp-caption aligncenter\"><a href=\"http:\/\/www.maisbn.com\/portal\/wp-content\/uploads\/2017\/06\/mosaico_passeata_professores.jpg\"><img loading=\"lazy\" decoding=\"async\" aria-describedby=\"caption-attachment-15210\" class=\"wp-image-15210 size-full\" src=\"http:\/\/www.maisbn.com\/portal\/wp-content\/uploads\/2017\/06\/mosaico_passeata_professores.jpg\" alt=\"mosaico_passeata_professores\" width=\"700\" height=\"450\" \/><\/a><p id=\"caption-attachment-15210\" class=\"wp-caption-text\">Fotos: Arquivo<\/p><\/div>\n<p>Os representantes dos professores informaram que ainda fizeram a proposta de que poderiam fazer uma peti\u00e7\u00e3o e n\u00e3o ir em frente com o mandado de seguran\u00e7a, caso se desenhasse naquele momento um acordo satisfat\u00f3rio, mas o gestor n\u00e3o aceitou. Segundo os representantes, o Prefeito Janival Borges ainda comentou que a Prefeitura n\u00e3o tinha recursos para pagar o retroativo e nem o reajuste salarial e ainda declarou que n\u00e3o podia ultrapassar os limites impostos pela Lei de Responsabilidade Fiscal. <em>&#8220;N\u00e3o houve negocia\u00e7\u00e3o. Vamos esperar a decis\u00e3o da justi\u00e7a e continuar na luta para garantir o direito dos professores.&#8221;<\/em> &#8211; Comentou o Sr. Emanuel, um dos representantes da APLB-Belmonte que estava presente na reuni\u00e3o.<\/p>\n<div id=\"attachment_15337\" style=\"width: 652px\" class=\"wp-caption aligncenter\"><a href=\"http:\/\/www.maisbn.com\/portal\/wp-content\/uploads\/2017\/06\/assembleia_professores00001.jpg\"><img loading=\"lazy\" decoding=\"async\" aria-describedby=\"caption-attachment-15337\" class=\"size-full wp-image-15337\" src=\"http:\/\/www.maisbn.com\/portal\/wp-content\/uploads\/2017\/06\/assembleia_professores00001.jpg\" alt=\"Professores decidem em assembleia dar continuidade \u00e0 greve por tempo indeterminado.\" width=\"642\" height=\"412\" \/><\/a><p id=\"caption-attachment-15337\" class=\"wp-caption-text\">Professores decidem em assembleia dar continuidade \u00e0 greve por tempo indeterminado.<\/p><\/div>\n<p>Diante da negativa do gestor municipal, o diret\u00f3rio da APLB realizou uma assembleia \u00e0 tarde para passar o que aconteceu para a categoria. Durante a assembleia, diversos professores presentes ficaram revoltados com a situa\u00e7\u00e3o e, ao final, os profissionais decidiram continuar em greve por tempo indeterminado \u00e0 espera do desenrolar dos acontecimentos. A diretoria da APLB-Belmonte, no fechamento dessa reportagem, informou que divulgar\u00e1 uma nota oficial nessa quarta-feira (28\/06) sobre o assunto e que tamb\u00e9m estar\u00e1 informando a todos o calend\u00e1rio de a\u00e7\u00f5es e manifesta\u00e7\u00f5es da categoria que acontecer\u00e3o durante o per\u00edodo da greve geral.<\/p>\n<p><a href=\"http:\/\/www.maisbn.com\/portal\/wp-content\/uploads\/2017\/06\/Belmonte-sem-aulas-e1497999803184.jpg\"><img loading=\"lazy\" decoding=\"async\" class=\"aligncenter  wp-image-15277\" src=\"http:\/\/www.maisbn.com\/portal\/wp-content\/uploads\/2017\/06\/Belmonte-sem-aulas-1000x776.jpg\" alt=\"Belmonte sem aulas\" width=\"700\" height=\"543\" \/><\/a><\/p>\n<p><em><strong>Pais de alunos se revoltam e formam grupo para se manifestar em frente \u00e0 Prefeitura de Belmonte.<\/strong><\/em><\/p>\n<p>O fato repercutiu mal e alguns pais de alunos est\u00e3o formando um grupo para se manifestar na pr\u00f3xima quinta-feira (29\/06) em frente \u00e0 sede da Prefeitura de Belmonte. O grupo ainda planeja ter uma audi\u00eancia com o Minist\u00e9rio P\u00fablico e pedir para que o mesmo interceda para resolver a situa\u00e7\u00e3o e as crian\u00e7as possam voltar \u00e0s salas de aula. <em>&#8220;Como vai ficar as nossas crian\u00e7as? J\u00e1 estamos com o calend\u00e1rio escolar atrasado e esse fato pode piorar ainda mais. N\u00e3o somos contra a ningu\u00e9m, apenas queremos que o direito \u00e0 educa\u00e7\u00e3o de nossas crian\u00e7as seja respeitado.&#8221;<\/em> &#8211; Comentou um dos pais revoltados que pediu para o seu nome n\u00e3o ser revelado.<\/p>\n<p><a href=\"http:\/\/www.maisbn.com\/portal\/wp-content\/uploads\/2017\/06\/passeata_professores00013.jpg\"><img loading=\"lazy\" decoding=\"async\" class=\"aligncenter size-full wp-image-15208\" src=\"http:\/\/www.maisbn.com\/portal\/wp-content\/uploads\/2017\/06\/passeata_professores00013.jpg\" alt=\"passeata_professores00013\" width=\"642\" height=\"412\" \/><\/a><\/p>\n<p><strong>Entenda o caso<\/strong><\/p>\n<p>Os professores exigem o pagamento do piso nacional da categoria estabelecido pelo Minist\u00e9rio da Educa\u00e7\u00e3o que esse ano foi reajustado em 7,64%. Tamb\u00e9m faz parte das exig\u00eancias o pagamento dos retroativos relativos a janeiro, m\u00eas em que o reajuste entrou em vigor. A Prefeitura Municipal de Belmonte, por sua vez, alega que o munic\u00edpio n\u00e3o tem dinheiro para bancar os custos e sugeriu um escalonamento, proposta que n\u00e3o foi aceita pela categoria. Fontes da Secretaria Municipal de Educa\u00e7\u00e3o revelaram \u00e0 nossa equipe que s\u00f3 o pagamento dos retroativos podem gerar um rombo em torno de R$ 500.000,00 nas contas do munic\u00edpio e que esse montante s\u00f3 aumenta com o passar dos meses.<\/p>\n<p>Os professores, por sua vez, revelam que os argumentos do Prefeito Janival Borges n\u00e3o se sustentam porque o Governo Federal vem pagando o reajuste da categoria desde o m\u00eas de Janeiro. A APLB informa que vem tentando marcar sem sucesso uma reuni\u00e3o com o Prefeito Janival Borges desde o in\u00edcio do ano para discutir a situa\u00e7\u00e3o e que a gest\u00e3o s\u00f3 aceitou negociar agora porque o munic\u00edpio tem como data-base para o reajuste da categoria o m\u00eas de maio. &#8220;Essa situa\u00e7\u00e3o foi criada pelo pr\u00f3prio prefeito. N\u00f3s v\u00ednhamos alertando sobre a situa\u00e7\u00e3o e a gest\u00e3o municipal vinha enrolando. Agora a categoria quer o seu direito e n\u00e3o pode ser prejudicada por causa de um erro de estrat\u00e9gia administrativa.&#8221; &#8211; Informou um dos representantes da APLB envolvido nas negocia\u00e7\u00f5es.<\/p>\n<p>&nbsp;<\/p>\n<p>&nbsp;<\/p>\n","protected":false},"excerpt":{"rendered":"<p>O diret\u00f3rio da APLB de Belmonte se reuniu na manh\u00e3 dessa ter\u00e7a-feira (27\/06) com o Prefeito Janival Borges e sua equipe e informou que as partes presentes n\u00e3o chegaram a um consenso em torno do reajuste do piso salarial dos professores municipais e que tamb\u00e9m n\u00e3o houve acordo sobre o pagamento do retroativo. Nossa equipe [&hellip;]<\/p>\n","protected":false},"author":7,"featured_media":15337,"comment_status":"open","ping_status":"open","sticky":false,"template":"","format":"standard","meta":{"footnotes":""},"categories":[8,1],"tags":[108],"class_list":["post-15336","post","type-post","status-publish","format-standard","has-post-thumbnail","hentry","category-educacao","category-noticias","tag-belmonte"],"_links":{"self":[{"href":"https:\/\/www.maisbn.com\/portal\/wp-json\/wp\/v2\/posts\/15336","targetHints":{"allow":["GET"]}}],"collection":[{"href":"https:\/\/www.maisbn.com\/portal\/wp-json\/wp\/v2\/posts"}],"about":[{"href":"https:\/\/www.maisbn.com\/portal\/wp-json\/wp\/v2\/types\/post"}],"author":[{"embeddable":true,"href":"https:\/\/www.maisbn.com\/portal\/wp-json\/wp\/v2\/users\/7"}],"replies":[{"embeddable":true,"href":"https:\/\/www.maisbn.com\/portal\/wp-json\/wp\/v2\/comments?post=15336"}],"version-history":[{"count":1,"href":"https:\/\/www.maisbn.com\/portal\/wp-json\/wp\/v2\/posts\/15336\/revisions"}],"predecessor-version":[{"id":15338,"href":"https:\/\/www.maisbn.com\/portal\/wp-json\/wp\/v2\/posts\/15336\/revisions\/15338"}],"wp:featuredmedia":[{"embeddable":true,"href":"https:\/\/www.maisbn.com\/portal\/wp-json\/wp\/v2\/media\/15337"}],"wp:attachment":[{"href":"https:\/\/www.maisbn.com\/portal\/wp-json\/wp\/v2\/media?parent=15336"}],"wp:term":[{"taxonomy":"category","embeddable":true,"href":"https:\/\/www.maisbn.com\/portal\/wp-json\/wp\/v2\/categories?post=15336"},{"taxonomy":"post_tag","embeddable":true,"href":"https:\/\/www.maisbn.com\/portal\/wp-json\/wp\/v2\/tags?post=15336"}],"curies":[{"name":"wp","href":"https:\/\/api.w.org\/{rel}","templated":true}]}}