{"id":15313,"date":"2017-06-23T17:59:25","date_gmt":"2017-06-23T20:59:25","guid":{"rendered":"http:\/\/www.maisbn.com\/portal\/?p=15313"},"modified":"2017-06-23T17:59:25","modified_gmt":"2017-06-23T20:59:25","slug":"finaliza-se-a-semana-e-os-professores-de-belmonte-permanecem-em-greve-2","status":"publish","type":"post","link":"https:\/\/www.maisbn.com\/portal\/2017\/06\/finaliza-se-a-semana-e-os-professores-de-belmonte-permanecem-em-greve-2\/","title":{"rendered":"Finaliza-se a semana e os professores de Belmonte permanecem em greve."},"content":{"rendered":"<p>Finalizou a semana e o impasse entre os professores e o Prefeito Janival Borges ainda n\u00e3o teve uma resolu\u00e7\u00e3o. Os professores est\u00e3o em greve desde a \u00faltima ter\u00e7a-feira (20\/06) e exigem o reajuste do Piso Salarial de 7,64% da categoria definido pelo Minist\u00e9rio da Educa\u00e7\u00e3o. A categoria ainda exige o pagamento do retroativo relativo ao m\u00eas de janeiro.<\/p>\n<p><a href=\"http:\/\/www.maisbn.com\/portal\/wp-content\/uploads\/2017\/06\/Belmonte-sem-aulas-e1497999803184.jpg\"><img loading=\"lazy\" decoding=\"async\" class=\"aligncenter wp-image-15277\" src=\"http:\/\/www.maisbn.com\/portal\/wp-content\/uploads\/2017\/06\/Belmonte-sem-aulas-1000x776.jpg\" alt=\"Belmonte sem aulas\" width=\"700\" height=\"543\" \/><\/a><\/p>\n<p>A Prefeitura Municipal de Belmonte, por sua vez, alega que n\u00e3o tem recursos para pagar e ofereceu a possibilidade do parcelamento do aumento come\u00e7ando em 4% e depois sendo gradualmente reajustado at\u00e9 o \u00edndice de 7,64% exigido pelos professores. A categoria n\u00e3o aceitou a proposta e anunciou que est\u00e1 disposta a negociar apenas a forma de pagamento do retroativo.<\/p>\n<p><a href=\"http:\/\/www.maisbn.com\/portal\/wp-content\/uploads\/2017\/06\/Greve_professores_5559d0222da25.jpg\"><img loading=\"lazy\" decoding=\"async\" class=\"aligncenter size-full wp-image-15126\" src=\"http:\/\/www.maisbn.com\/portal\/wp-content\/uploads\/2017\/06\/Greve_professores_5559d0222da25.jpg\" alt=\"Greve_professores_5559d0222da25\" width=\"750\" height=\"450\" \/><\/a><\/p>\n<p>Depois da negativa da proposta apresentada pelo executivo, as duas partes n\u00e3o deram continuidade \u00e0s negocia\u00e7\u00f5es. Diante desse fato, a APLB-Belmonte, sindicato que representa os professores, declarou greve geral por tempo indeterminado alegando desinteresse da equipe do Prefeito Janival Borges no sentido de resolver o problema. Depois do estado de greve a APLB informou que recebeu um comunicado da Secretaria Municipal de Educa\u00e7\u00e3o chamando a categoria para voltar \u00e0 mesa de negocia\u00e7\u00f5es novamente. A reuni\u00e3o inicialmente foi marcada para a tarde dessa quinta-feira (22\/06), mas foi remarcada pelo Prefeito Janival Borges para a manh\u00e3 de hoje (23\/06). A APLB ent\u00e3o informou que o gestor queria remarcar a reuni\u00e3o para o per\u00edodo da tarde, essa op\u00e7\u00e3o foi negada pela entidade por n\u00e3o ser poss\u00edvel a presen\u00e7a de toda a sua comitiva e nem do setor jur\u00eddico para acompanhar as negocia\u00e7\u00f5es. <em>&#8220;N\u00f3s pedimos que a reuni\u00e3o fosse marcada at\u00e9 \u00e0s 12:00Hrs, mas o gestor alegou impossibilidade em sua agenda. Ent\u00e3o pedimos que ele mandasse a sua nova proposta por escrito e assinada para que pud\u00e9ssemos debater com a categoria. Esse pedido tamb\u00e9m n\u00e3o foi atendido por ele.&#8221; <\/em>&#8211; Comentou o Sr. Igor Suzart, Coordenador do n\u00facleo da APLB local.<\/p>\n<p><a href=\"http:\/\/www.maisbn.com\/portal\/wp-content\/uploads\/2017\/06\/mosaico_passeata_professores.jpg\"><img loading=\"lazy\" decoding=\"async\" class=\"aligncenter size-full wp-image-15210\" src=\"http:\/\/www.maisbn.com\/portal\/wp-content\/uploads\/2017\/06\/mosaico_passeata_professores.jpg\" alt=\"mosaico_passeata_professores\" width=\"700\" height=\"450\" \/><\/a><\/p>\n<p>A APLB- Belmonte ainda nessa sexta-feira (23\/06) impetrou um mandado de seguran\u00e7a contra a Prefeitura Municipal de Belmonte. A entidade informou que o objetivo do instrumento jur\u00eddico \u00e9 resguardar os professores de uma poss\u00edvel retalia\u00e7\u00e3o do Poder Executivo Municipal como: Descontos nos sal\u00e1rios por dias parados e at\u00e9 poss\u00edveis processos administrativos no intuito de perseguir os profissionais. &#8220;<em>Nosso objetivo \u00e9 negociar, mas n\u00e3o podemos deixar a categoria descoberta sen\u00e3o enfraquece o movimento. Esperamos que se resolva logo essa situa\u00e7\u00e3o e que possamos retornar \u00e0s nossas salas de aula.&#8221;<\/em> &#8211; Comentou o coordenador da entidade.<\/p>\n<p><a href=\"http:\/\/www.maisbn.com\/portal\/wp-content\/uploads\/2017\/06\/passeata_professores00013.jpg\"><img loading=\"lazy\" decoding=\"async\" class=\"aligncenter size-full wp-image-15208\" src=\"http:\/\/www.maisbn.com\/portal\/wp-content\/uploads\/2017\/06\/passeata_professores00013.jpg\" alt=\"passeata_professores00013\" width=\"642\" height=\"412\" \/><\/a><\/p>\n<p>No final da tarde, antes do fechamento dessa mat\u00e9ria, recebemos a informa\u00e7\u00e3o vinda da APLB de que o Prefeito Janival Borges convidou a entidade para uma nova reuni\u00e3o que dever\u00e1 acontecer na pr\u00f3xima ter\u00e7a-feira (27\/06) onde o mesmo dever\u00e1 estar apresentando uma nova proposta para a categoria. <em>&#8220;O reajuste \u00e9 inegoci\u00e1vel. Esse \u00e9 um direito assegurado aos professores e n\u00e3o abrimos m\u00e3o. O nosso objetivo agora \u00e9 discutir como ser\u00e1 pago o retroativo. Queremos uma solu\u00e7\u00e3o para que a categoria n\u00e3o saia no preju\u00edzo.&#8221; <\/em>&#8211; Comentou o Sr. Igor Suzart.<\/p>\n","protected":false},"excerpt":{"rendered":"<p>Finalizou a semana e o impasse entre os professores e o Prefeito Janival Borges ainda n\u00e3o teve uma resolu\u00e7\u00e3o. Os professores est\u00e3o em greve desde a \u00faltima ter\u00e7a-feira (20\/06) e exigem o reajuste do Piso Salarial de 7,64% da categoria definido pelo Minist\u00e9rio da Educa\u00e7\u00e3o. A categoria ainda exige o pagamento do retroativo relativo ao [&hellip;]<\/p>\n","protected":false},"author":7,"featured_media":15277,"comment_status":"open","ping_status":"open","sticky":false,"template":"","format":"standard","meta":{"footnotes":""},"categories":[8,1],"tags":[108],"class_list":["post-15313","post","type-post","status-publish","format-standard","has-post-thumbnail","hentry","category-educacao","category-noticias","tag-belmonte"],"_links":{"self":[{"href":"https:\/\/www.maisbn.com\/portal\/wp-json\/wp\/v2\/posts\/15313","targetHints":{"allow":["GET"]}}],"collection":[{"href":"https:\/\/www.maisbn.com\/portal\/wp-json\/wp\/v2\/posts"}],"about":[{"href":"https:\/\/www.maisbn.com\/portal\/wp-json\/wp\/v2\/types\/post"}],"author":[{"embeddable":true,"href":"https:\/\/www.maisbn.com\/portal\/wp-json\/wp\/v2\/users\/7"}],"replies":[{"embeddable":true,"href":"https:\/\/www.maisbn.com\/portal\/wp-json\/wp\/v2\/comments?post=15313"}],"version-history":[{"count":1,"href":"https:\/\/www.maisbn.com\/portal\/wp-json\/wp\/v2\/posts\/15313\/revisions"}],"predecessor-version":[{"id":15314,"href":"https:\/\/www.maisbn.com\/portal\/wp-json\/wp\/v2\/posts\/15313\/revisions\/15314"}],"wp:featuredmedia":[{"embeddable":true,"href":"https:\/\/www.maisbn.com\/portal\/wp-json\/wp\/v2\/media\/15277"}],"wp:attachment":[{"href":"https:\/\/www.maisbn.com\/portal\/wp-json\/wp\/v2\/media?parent=15313"}],"wp:term":[{"taxonomy":"category","embeddable":true,"href":"https:\/\/www.maisbn.com\/portal\/wp-json\/wp\/v2\/categories?post=15313"},{"taxonomy":"post_tag","embeddable":true,"href":"https:\/\/www.maisbn.com\/portal\/wp-json\/wp\/v2\/tags?post=15313"}],"curies":[{"name":"wp","href":"https:\/\/api.w.org\/{rel}","templated":true}]}}