{"id":15279,"date":"2017-06-20T20:32:05","date_gmt":"2017-06-20T23:32:05","guid":{"rendered":"http:\/\/www.maisbn.com\/portal\/?p=15279"},"modified":"2017-06-20T20:32:05","modified_gmt":"2017-06-20T23:32:05","slug":"adiantamento-de-salario-dos-servidores-para-o-sao-joao-pode-nao-acontecer-avisa-rui-costa","status":"publish","type":"post","link":"https:\/\/www.maisbn.com\/portal\/2017\/06\/adiantamento-de-salario-dos-servidores-para-o-sao-joao-pode-nao-acontecer-avisa-rui-costa\/","title":{"rendered":"Adiantamento de sal\u00e1rio dos servidores para o S\u00e3o Jo\u00e3o pode n\u00e3o acontecer, avisa Rui Costa."},"content":{"rendered":"<p><a href=\"http:\/\/www.maisbn.com\/portal\/wp-content\/uploads\/2015\/03\/ruicosta_gasolina.jpg\"><img loading=\"lazy\" decoding=\"async\" class=\"aligncenter size-full wp-image-7241\" src=\"http:\/\/www.maisbn.com\/portal\/wp-content\/uploads\/2015\/03\/ruicosta_gasolina.jpg\" alt=\"ruicosta_gasolina\" width=\"560\" height=\"360\" \/><\/a><\/p>\n<p>Com a tradi\u00e7\u00e3o dos festejos de S\u00e3o Jo\u00e3o na Bahia, muitos servidores t\u00eam os sal\u00e1rios de junho adiantados. Neste ano, no entanto, o adiantamento n\u00e3o est\u00e1 garantido. &#8220;Eu ontem pedi pra o secret\u00e1rio da Fazenda [Manoel Vit\u00f3rio] avaliar e ele disse que n\u00e3o est\u00e1 f\u00e1cil. Eu n\u00e3o vou for\u00e7ar a m\u00e3o porque, pra mim, mais vale o equil\u00edbrio das contas e manter as coisas em dia do que ficar fazendo aventura de an\u00fancio positivo sob o argumento de que vai aumentar minha popularidade&#8221;, ressalta o governador Rui Costa (PT). Em coletiva, na manh\u00e3 desta ter\u00e7a-feira (20), ele afirmou que Vit\u00f3rio vai analisar a situa\u00e7\u00e3o, mas sem promessas.<\/p>\n","protected":false},"excerpt":{"rendered":"<p>Com a tradi\u00e7\u00e3o dos festejos de S\u00e3o Jo\u00e3o na Bahia, muitos servidores t\u00eam os sal\u00e1rios de junho adiantados. Neste ano, no entanto, o adiantamento n\u00e3o est\u00e1 garantido. &#8220;Eu ontem pedi pra o secret\u00e1rio da Fazenda [Manoel Vit\u00f3rio] avaliar e ele disse que n\u00e3o est\u00e1 f\u00e1cil. Eu n\u00e3o vou for\u00e7ar a m\u00e3o porque, pra mim, mais [&hellip;]<\/p>\n","protected":false},"author":7,"featured_media":7241,"comment_status":"open","ping_status":"open","sticky":false,"template":"","format":"standard","meta":{"footnotes":""},"categories":[20,1],"tags":[108],"class_list":["post-15279","post","type-post","status-publish","format-standard","has-post-thumbnail","hentry","category-bahia","category-noticias","tag-belmonte"],"_links":{"self":[{"href":"https:\/\/www.maisbn.com\/portal\/wp-json\/wp\/v2\/posts\/15279","targetHints":{"allow":["GET"]}}],"collection":[{"href":"https:\/\/www.maisbn.com\/portal\/wp-json\/wp\/v2\/posts"}],"about":[{"href":"https:\/\/www.maisbn.com\/portal\/wp-json\/wp\/v2\/types\/post"}],"author":[{"embeddable":true,"href":"https:\/\/www.maisbn.com\/portal\/wp-json\/wp\/v2\/users\/7"}],"replies":[{"embeddable":true,"href":"https:\/\/www.maisbn.com\/portal\/wp-json\/wp\/v2\/comments?post=15279"}],"version-history":[{"count":1,"href":"https:\/\/www.maisbn.com\/portal\/wp-json\/wp\/v2\/posts\/15279\/revisions"}],"predecessor-version":[{"id":15280,"href":"https:\/\/www.maisbn.com\/portal\/wp-json\/wp\/v2\/posts\/15279\/revisions\/15280"}],"wp:featuredmedia":[{"embeddable":true,"href":"https:\/\/www.maisbn.com\/portal\/wp-json\/wp\/v2\/media\/7241"}],"wp:attachment":[{"href":"https:\/\/www.maisbn.com\/portal\/wp-json\/wp\/v2\/media?parent=15279"}],"wp:term":[{"taxonomy":"category","embeddable":true,"href":"https:\/\/www.maisbn.com\/portal\/wp-json\/wp\/v2\/categories?post=15279"},{"taxonomy":"post_tag","embeddable":true,"href":"https:\/\/www.maisbn.com\/portal\/wp-json\/wp\/v2\/tags?post=15279"}],"curies":[{"name":"wp","href":"https:\/\/api.w.org\/{rel}","templated":true}]}}