{"id":15276,"date":"2017-06-20T20:11:02","date_gmt":"2017-06-20T23:11:02","guid":{"rendered":"http:\/\/www.maisbn.com\/portal\/?p=15276"},"modified":"2017-06-20T20:11:02","modified_gmt":"2017-06-20T23:11:02","slug":"greve-dos-professores-de-belmonte-deixa-pais-preocupados-com-a-situacao-dos-alunos","status":"publish","type":"post","link":"https:\/\/www.maisbn.com\/portal\/2017\/06\/greve-dos-professores-de-belmonte-deixa-pais-preocupados-com-a-situacao-dos-alunos\/","title":{"rendered":"Greve dos professores de Belmonte deixa pais preocupados com a situa\u00e7\u00e3o dos alunos."},"content":{"rendered":"<p><a href=\"http:\/\/www.maisbn.com\/portal\/wp-content\/uploads\/2017\/06\/Belmonte-sem-aulas-e1497999803184.jpg\"><img loading=\"lazy\" decoding=\"async\" class=\"aligncenter  wp-image-15277\" src=\"http:\/\/www.maisbn.com\/portal\/wp-content\/uploads\/2017\/06\/Belmonte-sem-aulas-1000x776.jpg\" alt=\"Belmonte sem aulas\" width=\"700\" height=\"543\" \/><\/a><\/p>\n<p>Respons\u00e1veis e pais de v\u00e1rias crian\u00e7as e adolescentes belmontenses est\u00e3o preocupados com o impasse que foi gerado entre a Prefeitura Municipal de Belmonte e os professores e temem que a falta de negocia\u00e7\u00e3o entre as partes envolvidas acabe prejudicando o ano letivo dos alunos que estudam na rede municipal de Belmonte. Na tarde dessa ter\u00e7a-feira (20\/06), data em que foi declarada a greve por tempo indeterminado dos professores, recebemos a mensagem de uma comiss\u00e3o de pais que est\u00e1 se formando para protestar e exigir do poder p\u00fablico uma solu\u00e7\u00e3o para o problema. Confira na \u00edntegra:<\/p>\n<p class=\"western\" align=\"JUSTIFY\"><em>ESTAMOS INDIGNADOS!<\/em><\/p>\n<p class=\"western\" align=\"JUSTIFY\"><em>NOSSOS FILHOS TEM DIREITOS TAMB\u00c9M.<\/em><\/p>\n<p class=\"western\" align=\"JUSTIFY\"><em>\u00c9 PRIMORDIAL O DIREITO DE ESTUDAR!<\/em><\/p>\n<p class=\"western\" align=\"JUSTIFY\"><em>E O PORQU\u00ca DESSE IMPASSE?<\/em><\/p>\n<p class=\"western\" align=\"JUSTIFY\"><em>\u00c9 PRECISO RESOLVER LOGO ISSO!<\/em><\/p>\n<p class=\"western\" align=\"JUSTIFY\"><em>TANTOS DIAS DE AULAS PERDIDOS, COMO SER\u00c3O REPOSTOS? PRECISAMOS DE RESPOSTAS, A SITUA\u00c7\u00c3O N\u00c3O PODE FICAR DA FORMA QUE EST\u00c1, UM ABSURDO IMENSUR\u00c1VEL, N\u00c3O ESTAMOS AQUI PARA CULPAR A OU B, ESTAMOS POR NOSSAS CRIAN\u00c7AS.<\/em><\/p>\n<p class=\"western\" align=\"JUSTIFY\"><em>QUEREMOS SOLU\u00c7\u00c3O URGENTE!<\/em><\/p>\n<p class=\"western\" align=\"JUSTIFY\"><em>ATENCIOSAMENTE,<\/em><\/p>\n<p class=\"western\" align=\"JUSTIFY\"><em>TODOS OS PAIS E RESPONS\u00c1VEIS PELOS ALUNOS (CRIAN\u00c7AS E ADOLESCENTES) QUE SE ENCONTRAM SEM AULA.<\/em><\/p>\n<p class=\"western\"><em><span style=\"color: #777777;\"><span style=\"font-size: medium;\"><b>Legisla\u00e7\u00e3o direta<\/b><\/span><\/span><\/em><\/p>\n<p class=\"western\"><em><a href=\"https:\/\/www.jusbrasil.com.br\/topicos\/10611702\/artigo-53-da-lei-n-8069-de-13-de-julho-de-1990\"><span style=\"color: #007000;\"><span style=\"font-size: medium;\"><b>Artigo 53 da Lei n\u00ba 8.069 de 13 de Julho de 1990<\/b><\/span><\/span><\/a><\/em><\/p>\n<p class=\"western\"><em><span style=\"color: #404040;\"><span style=\"font-size: medium;\"><b>Art. 53. A crian\u00e7a e o adolescente t\u00eam direito \u00e0 educa\u00e7\u00e3o, visando ao pleno desenvolvimento de sua pessoa, preparo para o exerc\u00edcio da cidadania e qualifica\u00e7\u00e3o para o trabalho, assegurando-se-lhes:<\/b><\/span><\/span><\/em><\/p>\n<p class=\"western\"><em><span style=\"color: #404040;\"><span style=\"font-size: medium;\"><b>I &#8211; igualdade de condi\u00e7\u00f5es para o acesso e perman\u00eancia na escola;<\/b><\/span><\/span><\/em><\/p>\n<p class=\"western\"><em><span style=\"color: #404040;\"><span style=\"font-size: medium;\"><b>II &#8211; direito de ser respeitado por seus educadores;<\/b><\/span><\/span><\/em><\/p>\n<p class=\"western\"><em><span style=\"color: #404040;\"><span style=\"font-size: medium;\"><b>III &#8211; direito de contestar crit\u00e9rios avaliativos, podendo recorrer \u00e0s inst\u00e2ncias escolares superiores;<\/b><\/span><\/span><\/em><\/p>\n<p class=\"western\"><em><span style=\"color: #404040;\"><span style=\"font-size: medium;\"><b>IV &#8211; direito de organiza\u00e7\u00e3o e participa\u00e7\u00e3o em entidades estudantis;<\/b><\/span><\/span><\/em><\/p>\n<p class=\"western\"><em><span style=\"color: #404040;\"><span style=\"font-size: medium;\"><b>V &#8211; acesso \u00e0 escola p\u00fablica e gratuita pr\u00f3xima de sua resid\u00eancia.<\/b><\/span><\/span><\/em><\/p>\n<p class=\"western\"><em><span style=\"color: #404040;\"><span style=\"font-size: medium;\"><b>Par\u00e1grafo \u00fanico. \u00c9 direito dos pais ou respons\u00e1veis ter ci\u00eancia do processo pedag\u00f3gico, bem como participar da defini\u00e7\u00e3o das propostas educacionais.<\/b><\/span><\/span><\/em><\/p>\n<p class=\"western\"><strong>Reuni\u00e3o entre representantes da APLB e o Prefeito Janival Borges para esta semana.<\/strong><\/p>\n<p class=\"western\">Nossa equipe no final da tarde dessa ter\u00e7a-feira conseguiu conversar com o Vereador e representante da APLB-Belmonte Rog\u00e9rio Bahia e o mesmo revelou que h\u00e1 uma reuni\u00e3o prevista para acontecer na pr\u00f3xima quinta-feira (22\/06) entre a entidade representante dos professores e o Prefeito Janival Borges com o intuito de se discutir a situa\u00e7\u00e3o e tentar chegar a uma resolu\u00e7\u00e3o do problema. <em>&#8220;Da nossa parte a situa\u00e7\u00e3o j\u00e1 est\u00e1 bem clara. Queremos o pagamento do reajuste que est\u00e1 previsto em lei. Eu tamb\u00e9m sou pai e entendo a preocupa\u00e7\u00e3o dos pais com a situa\u00e7\u00e3o dos seus filhos estarem sem aula, mas a nossa exig\u00eancia \u00e9 leg\u00edtima e espero que todos entendam a nossa situa\u00e7\u00e3o e nos apoiem nessa luta.&#8221;<\/em> &#8211; Finalizou Rog\u00e9rio Bahia.<\/p>\n","protected":false},"excerpt":{"rendered":"<p>Respons\u00e1veis e pais de v\u00e1rias crian\u00e7as e adolescentes belmontenses est\u00e3o preocupados com o impasse que foi gerado entre a Prefeitura Municipal de Belmonte e os professores e temem que a falta de negocia\u00e7\u00e3o entre as partes envolvidas acabe prejudicando o ano letivo dos alunos que estudam na rede municipal de Belmonte. Na tarde dessa ter\u00e7a-feira [&hellip;]<\/p>\n","protected":false},"author":7,"featured_media":15277,"comment_status":"open","ping_status":"open","sticky":false,"template":"","format":"standard","meta":{"footnotes":""},"categories":[8,1],"tags":[108],"class_list":["post-15276","post","type-post","status-publish","format-standard","has-post-thumbnail","hentry","category-educacao","category-noticias","tag-belmonte"],"_links":{"self":[{"href":"https:\/\/www.maisbn.com\/portal\/wp-json\/wp\/v2\/posts\/15276","targetHints":{"allow":["GET"]}}],"collection":[{"href":"https:\/\/www.maisbn.com\/portal\/wp-json\/wp\/v2\/posts"}],"about":[{"href":"https:\/\/www.maisbn.com\/portal\/wp-json\/wp\/v2\/types\/post"}],"author":[{"embeddable":true,"href":"https:\/\/www.maisbn.com\/portal\/wp-json\/wp\/v2\/users\/7"}],"replies":[{"embeddable":true,"href":"https:\/\/www.maisbn.com\/portal\/wp-json\/wp\/v2\/comments?post=15276"}],"version-history":[{"count":1,"href":"https:\/\/www.maisbn.com\/portal\/wp-json\/wp\/v2\/posts\/15276\/revisions"}],"predecessor-version":[{"id":15278,"href":"https:\/\/www.maisbn.com\/portal\/wp-json\/wp\/v2\/posts\/15276\/revisions\/15278"}],"wp:featuredmedia":[{"embeddable":true,"href":"https:\/\/www.maisbn.com\/portal\/wp-json\/wp\/v2\/media\/15277"}],"wp:attachment":[{"href":"https:\/\/www.maisbn.com\/portal\/wp-json\/wp\/v2\/media?parent=15276"}],"wp:term":[{"taxonomy":"category","embeddable":true,"href":"https:\/\/www.maisbn.com\/portal\/wp-json\/wp\/v2\/categories?post=15276"},{"taxonomy":"post_tag","embeddable":true,"href":"https:\/\/www.maisbn.com\/portal\/wp-json\/wp\/v2\/tags?post=15276"}],"curies":[{"name":"wp","href":"https:\/\/api.w.org\/{rel}","templated":true}]}}