{"id":15265,"date":"2017-06-19T21:17:29","date_gmt":"2017-06-20T00:17:29","guid":{"rendered":"http:\/\/www.maisbn.com\/portal\/?p=15265"},"modified":"2017-06-19T21:41:22","modified_gmt":"2017-06-20T00:41:22","slug":"professores-de-belmonte-entram-em-greve-por-tempo-indeterminado","status":"publish","type":"post","link":"https:\/\/www.maisbn.com\/portal\/2017\/06\/professores-de-belmonte-entram-em-greve-por-tempo-indeterminado\/","title":{"rendered":"Professores de Belmonte entram em greve por tempo indeterminado."},"content":{"rendered":"<div id=\"attachment_15266\" style=\"width: 710px\" class=\"wp-caption aligncenter\"><a href=\"http:\/\/www.maisbn.com\/portal\/wp-content\/uploads\/2017\/06\/mosaico_greve_aplb.jpg\"><img loading=\"lazy\" decoding=\"async\" aria-describedby=\"caption-attachment-15266\" class=\"size-full wp-image-15266\" src=\"http:\/\/www.maisbn.com\/portal\/wp-content\/uploads\/2017\/06\/mosaico_greve_aplb.jpg\" alt=\"Fotos: Jornal de Belmonte\" width=\"700\" height=\"450\" \/><\/a><p id=\"caption-attachment-15266\" class=\"wp-caption-text\">Fotos: Jornal de Belmonte<\/p><\/div>\n<p>Sem indicativo de um acordo com o Prefeito Janival Borges os professores decidiram declarar greve geral por tempo indeterminado a partir dessa ter\u00e7a-feira (20\/06), conforme j\u00e1 estava previsto. A diretoria da APLB-Belmonte informou que enviou of\u00edcios ao executivo municipal, mas que, nesse meio tempo, n\u00e3o houve nenhuma reuni\u00e3o para serem retomadas as negocia\u00e7\u00f5es. A dire\u00e7\u00e3o da entidade ainda se reuniu com professores, dire\u00e7\u00e3o do Col\u00e9gio ACM e pais de alunos em Barrol\u00e2ndia onde conversou com todos os presentes e afirmou que o Poder Executivo n\u00e3o apresentou nenhuma proposta. A APLB recebeu apoio de todos os presentes e os professores confirmaram o estado de greve at\u00e9 que seja retomado o di\u00e1logo para resolver o dilema. Em conversa com o Sr. Igor Suzart, coordenador do n\u00facleo belmontense da entidade, o mesmo informou que h\u00e1 uma possibilidade de reuni\u00e3o prevista para a pr\u00f3xima quinta-feira (22\/06), mas que, at\u00e9 l\u00e1, a categoria decidiu permanecer paralisada. &#8220;O nosso objetivo \u00e9 negociar. N\u00e3o queremos prejudicar os alunos e nem o calend\u00e1rio letivo municipal, mas temos que garantir o direito ao reajuste do Piso Nacional, conforme est\u00e1 previsto em lei.&#8221; &#8211; Comentou Igor.<\/p>\n<div id=\"attachment_15274\" style=\"width: 710px\" class=\"wp-caption aligncenter\"><a href=\"http:\/\/www.maisbn.com\/portal\/wp-content\/uploads\/2017\/06\/mosaico_greve_vereadores.jpg\"><img loading=\"lazy\" decoding=\"async\" aria-describedby=\"caption-attachment-15274\" class=\"size-full wp-image-15274\" src=\"http:\/\/www.maisbn.com\/portal\/wp-content\/uploads\/2017\/06\/mosaico_greve_vereadores.jpg\" alt=\"Vereadores se manifestam em solidariedade \u00e0 luta dos professores.\" width=\"700\" height=\"450\" \/><\/a><p id=\"caption-attachment-15274\" class=\"wp-caption-text\">Vereadores se manifestam em solidariedade \u00e0 luta dos professores.<\/p><\/div>\n<p><strong>Vereadores se mostram solid\u00e1rios \u00e0 luta dos professores.<\/strong><\/p>\n<p>Os professores nessa segunda-feira (19\/06) receberam apoio da C\u00e2mara de Vereadores onde o Presidente Aelson Matos (Calango),o Vice-presidente Alfredo Aberceb e demais vereadores manifestaram solidariedade \u00e0 luta da categoria. O Presidente Aelson Matos (Calango) durante a sess\u00e3o comunicou que esteve pela manh\u00e3 com o Prefeito Janival Borges cobrando do mesmo uma resolu\u00e7\u00e3o para a situa\u00e7\u00e3o dos educadores. O mesmo comentou que recebeu como resposta a promessa de que seria marcada uma reuni\u00e3o entre o executivo e a APLB, com a participa\u00e7\u00e3o dos vereadores para se discutir uma solu\u00e7\u00e3o para o impasse. &#8220;N\u00f3s estamos preocupados com a situa\u00e7\u00e3o. Estamos cobrando do executivo a situa\u00e7\u00e3o dos professores e dos garis. O prefeito afirmou que sentar\u00e1 para resolver. Tenho certeza que todos os vereadores est\u00e3o solid\u00e1rios nessa luta e que esses profissionais podem contar com toda a ajuda poss\u00edvel do legislativo.&#8221; &#8211; Finalizou Calango. Quem tamb\u00e9m se manifestou na tribuna foi o Vereador e Vice Presidente Alfredo Aberceb. O mesmo tamb\u00e9m se colocou solid\u00e1rio \u00e0 luta dos professores e que espera que o impasse seja resolvido o mais r\u00e1pido poss\u00edvel para que os alunos s\u00e3o fiquem prejudicados. &#8220;N\u00e3o tem conversa. Direito \u00e9 direito e que o executivo cumpra a lei. N\u00e3o tem o que se discutir. Eu tor\u00e7o para que todos os envolvidos cheguem a um acordo e que esse impasse chegue ao fim sem preju\u00edzo para os alunos.&#8221; &#8211; Finalizou Alfredo.<\/p>\n<div id=\"attachment_15210\" style=\"width: 710px\" class=\"wp-caption aligncenter\"><a href=\"http:\/\/www.maisbn.com\/portal\/wp-content\/uploads\/2017\/06\/mosaico_passeata_professores.jpg\"><img loading=\"lazy\" decoding=\"async\" aria-describedby=\"caption-attachment-15210\" class=\"wp-image-15210 size-full\" src=\"http:\/\/www.maisbn.com\/portal\/wp-content\/uploads\/2017\/06\/mosaico_passeata_professores.jpg\" alt=\"mosaico_passeata_professores\" width=\"700\" height=\"450\" \/><\/a><p id=\"caption-attachment-15210\" class=\"wp-caption-text\">Fotos da \u00faltima passeata promovida pelos professores.<\/p><\/div>\n<p><strong>Entenda o caso<\/strong><\/p>\n<p>Os professores exigem o pagamento do piso nacional da categoria estabelecido pelo Minist\u00e9rio da Educa\u00e7\u00e3o que esse ano foi reajustado em 7,64%. Tamb\u00e9m faz parte das exig\u00eancias o pagamento dos retroativos relativos a janeiro, m\u00eas em que o reajuste entrou em vigor. A Prefeitura Municipal de Belmonte, por sua vez, alega que o munic\u00edpio n\u00e3o tem dinheiro para bancar os custos e sugeriu um escalonamento, proposta que n\u00e3o foi aceita pela categoria. O diret\u00f3rio da APLB-Belmonte enfatizou que o reajuste e o retroativo s\u00e3o quest\u00f5es inegoci\u00e1veis porque \u00e9 um direito da categoria assegurado por lei. A gest\u00e3o municipal, segundo a dire\u00e7\u00e3o da APLB-Belmonte, n\u00e3o fez mais nenhuma contraproposta e tamb\u00e9m n\u00e3o manifestou vontade de voltar a negociar com a categoria.<\/p>\n<p>V\u00e1rios pais entrevistados por nossa reportagem reconhecem que a luta dos professores \u00e9 leg\u00edtima e torcem que as partes cheguem a um consenso e que o conflito n\u00e3o prejudique o ano letivo dos alunos.<\/p>\n","protected":false},"excerpt":{"rendered":"<p>Sem indicativo de um acordo com o Prefeito Janival Borges os professores decidiram declarar greve geral por tempo indeterminado a partir dessa ter\u00e7a-feira (20\/06), conforme j\u00e1 estava previsto. A diretoria da APLB-Belmonte informou que enviou of\u00edcios ao executivo municipal, mas que, nesse meio tempo, n\u00e3o houve nenhuma reuni\u00e3o para serem retomadas as negocia\u00e7\u00f5es. A dire\u00e7\u00e3o [&hellip;]<\/p>\n","protected":false},"author":7,"featured_media":15266,"comment_status":"open","ping_status":"open","sticky":false,"template":"","format":"standard","meta":{"footnotes":""},"categories":[1],"tags":[108],"class_list":["post-15265","post","type-post","status-publish","format-standard","has-post-thumbnail","hentry","category-noticias","tag-belmonte"],"_links":{"self":[{"href":"https:\/\/www.maisbn.com\/portal\/wp-json\/wp\/v2\/posts\/15265","targetHints":{"allow":["GET"]}}],"collection":[{"href":"https:\/\/www.maisbn.com\/portal\/wp-json\/wp\/v2\/posts"}],"about":[{"href":"https:\/\/www.maisbn.com\/portal\/wp-json\/wp\/v2\/types\/post"}],"author":[{"embeddable":true,"href":"https:\/\/www.maisbn.com\/portal\/wp-json\/wp\/v2\/users\/7"}],"replies":[{"embeddable":true,"href":"https:\/\/www.maisbn.com\/portal\/wp-json\/wp\/v2\/comments?post=15265"}],"version-history":[{"count":8,"href":"https:\/\/www.maisbn.com\/portal\/wp-json\/wp\/v2\/posts\/15265\/revisions"}],"predecessor-version":[{"id":15275,"href":"https:\/\/www.maisbn.com\/portal\/wp-json\/wp\/v2\/posts\/15265\/revisions\/15275"}],"wp:featuredmedia":[{"embeddable":true,"href":"https:\/\/www.maisbn.com\/portal\/wp-json\/wp\/v2\/media\/15266"}],"wp:attachment":[{"href":"https:\/\/www.maisbn.com\/portal\/wp-json\/wp\/v2\/media?parent=15265"}],"wp:term":[{"taxonomy":"category","embeddable":true,"href":"https:\/\/www.maisbn.com\/portal\/wp-json\/wp\/v2\/categories?post=15265"},{"taxonomy":"post_tag","embeddable":true,"href":"https:\/\/www.maisbn.com\/portal\/wp-json\/wp\/v2\/tags?post=15265"}],"curies":[{"name":"wp","href":"https:\/\/api.w.org\/{rel}","templated":true}]}}