{"id":15212,"date":"2017-06-14T12:25:05","date_gmt":"2017-06-14T15:25:05","guid":{"rendered":"http:\/\/www.maisbn.com\/portal\/?p=15212"},"modified":"2017-06-14T12:25:05","modified_gmt":"2017-06-14T15:25:05","slug":"projeto-brasil-viva-a-diferenca-agitou-o-sabado-na-fundacao-educacional-pedro-calmon","status":"publish","type":"post","link":"https:\/\/www.maisbn.com\/portal\/2017\/06\/projeto-brasil-viva-a-diferenca-agitou-o-sabado-na-fundacao-educacional-pedro-calmon\/","title":{"rendered":"Projeto BRASIL, VIVA A DIFEREN\u00c7A! agitou o s\u00e1bado na Funda\u00e7\u00e3o Educacional Pedro Calmon."},"content":{"rendered":"<p><a href=\"http:\/\/www.maisbn.com\/portal\/wp-content\/uploads\/2017\/06\/Projetodespertar00001.jpg\"><img loading=\"lazy\" decoding=\"async\" class=\"aligncenter size-full wp-image-15217\" src=\"http:\/\/www.maisbn.com\/portal\/wp-content\/uploads\/2017\/06\/Projetodespertar00001.jpg\" alt=\"Projetodespertar00001\" width=\"642\" height=\"412\" \/><\/a><\/p>\n<p>No \u00faltimo dia 10\/06 foi realizada uma grande festa cultural na Funda\u00e7\u00e3o Educacional Pedro Calmon. Estamos falando do Projeto BRASIL, VIVA AS DIFEREN\u00c7AS! onde o corpo docente e os alunos abordaram as caracter\u00edsticas, os costumes e a cultura do Brasil em suas diversas regi\u00f5es e estados.<\/p>\n<p><a href=\"http:\/\/www.maisbn.com\/portal\/wp-content\/uploads\/2017\/06\/Projetodespertar00006.jpg\"><img loading=\"lazy\" decoding=\"async\" class=\"aligncenter size-full wp-image-15218\" src=\"http:\/\/www.maisbn.com\/portal\/wp-content\/uploads\/2017\/06\/Projetodespertar00006.jpg\" alt=\"Projetodespertar00006\" width=\"642\" height=\"412\" \/><\/a><\/p>\n<p>As atividade foram iniciadas atrav\u00e9s de um sorteio realizado onde cada s\u00e9rie ou ano ficou respons\u00e1vel por desenvolver atividades relacionadas a um estado. Diante dos temas, os alunos, auxiliados pelos professores, iniciaram os estudos necess\u00e1rios e organizaram as apresenta\u00e7\u00f5es que foram compartilhadas por toda a comunidade. <em>&#8220;Sabendo-se que nosso pa\u00eds \u00e9 caracterizado por uma grande diversidade cultural, sentiu-se a necessidade de desenvolver a\u00e7\u00f5es de viv\u00eancia onde se pudesse conhecer ainda mais o pa\u00eds em que se vive. As experi\u00eancias proporcionadas pelo projeto tamb\u00e9m foram essenciais para a manuten\u00e7\u00e3o dos valores morais do ser humano e proporcionar o resgate do trabalho grupal, o respeito m\u00fatuo aos colegas e \u00e0s diferen\u00e7as, diversidades\u00a0 e ao desenvolvimento de cada identidade cultural.&#8221; &#8211; <\/em>Concluiu um relat\u00f3rio apresentado pelos professores ao final das atividades.<\/p>\n<p><a href=\"http:\/\/www.maisbn.com\/portal\/wp-content\/uploads\/2017\/06\/mosaico_projetodespertar.jpg\"><img loading=\"lazy\" decoding=\"async\" class=\"aligncenter size-full wp-image-15219\" src=\"http:\/\/www.maisbn.com\/portal\/wp-content\/uploads\/2017\/06\/mosaico_projetodespertar.jpg\" alt=\"mosaico_projetodespertar\" width=\"700\" height=\"450\" \/><\/a><\/p>\n<p>Cada turma teve um espa\u00e7o onde foram realizadas apresenta\u00e7\u00f5es do material escrito e decora\u00e7\u00f5es em conformidade com os estados que representaram. A escola teve dois de atividades diferenciadas onde foram arrumadas as salas e depois realizadas as apresenta\u00e7\u00f5es abertas \u00e0 comunidade.<\/p>\n<p>&nbsp;<\/p>\n<p>&nbsp;<\/p>\n","protected":false},"excerpt":{"rendered":"<p>No \u00faltimo dia 10\/06 foi realizada uma grande festa cultural na Funda\u00e7\u00e3o Educacional Pedro Calmon. Estamos falando do Projeto BRASIL, VIVA AS DIFEREN\u00c7AS! onde o corpo docente e os alunos abordaram as caracter\u00edsticas, os costumes e a cultura do Brasil em suas diversas regi\u00f5es e estados. As atividade foram iniciadas atrav\u00e9s de um sorteio realizado [&hellip;]<\/p>\n","protected":false},"author":7,"featured_media":15219,"comment_status":"open","ping_status":"open","sticky":false,"template":"","format":"standard","meta":{"footnotes":""},"categories":[8,1],"tags":[],"class_list":["post-15212","post","type-post","status-publish","format-standard","has-post-thumbnail","hentry","category-educacao","category-noticias"],"_links":{"self":[{"href":"https:\/\/www.maisbn.com\/portal\/wp-json\/wp\/v2\/posts\/15212","targetHints":{"allow":["GET"]}}],"collection":[{"href":"https:\/\/www.maisbn.com\/portal\/wp-json\/wp\/v2\/posts"}],"about":[{"href":"https:\/\/www.maisbn.com\/portal\/wp-json\/wp\/v2\/types\/post"}],"author":[{"embeddable":true,"href":"https:\/\/www.maisbn.com\/portal\/wp-json\/wp\/v2\/users\/7"}],"replies":[{"embeddable":true,"href":"https:\/\/www.maisbn.com\/portal\/wp-json\/wp\/v2\/comments?post=15212"}],"version-history":[{"count":5,"href":"https:\/\/www.maisbn.com\/portal\/wp-json\/wp\/v2\/posts\/15212\/revisions"}],"predecessor-version":[{"id":15221,"href":"https:\/\/www.maisbn.com\/portal\/wp-json\/wp\/v2\/posts\/15212\/revisions\/15221"}],"wp:featuredmedia":[{"embeddable":true,"href":"https:\/\/www.maisbn.com\/portal\/wp-json\/wp\/v2\/media\/15219"}],"wp:attachment":[{"href":"https:\/\/www.maisbn.com\/portal\/wp-json\/wp\/v2\/media?parent=15212"}],"wp:term":[{"taxonomy":"category","embeddable":true,"href":"https:\/\/www.maisbn.com\/portal\/wp-json\/wp\/v2\/categories?post=15212"},{"taxonomy":"post_tag","embeddable":true,"href":"https:\/\/www.maisbn.com\/portal\/wp-json\/wp\/v2\/tags?post=15212"}],"curies":[{"name":"wp","href":"https:\/\/api.w.org\/{rel}","templated":true}]}}