{"id":15205,"date":"2017-06-13T18:48:24","date_gmt":"2017-06-13T21:48:24","guid":{"rendered":"http:\/\/www.maisbn.com\/portal\/?p=15205"},"modified":"2017-06-13T18:48:24","modified_gmt":"2017-06-13T21:48:24","slug":"professores-de-belmonte-fazem-passeata-e-cobram-o-reajuste-do-piso-nacional-da-categoria","status":"publish","type":"post","link":"https:\/\/www.maisbn.com\/portal\/2017\/06\/professores-de-belmonte-fazem-passeata-e-cobram-o-reajuste-do-piso-nacional-da-categoria\/","title":{"rendered":"Professores de Belmonte fazem passeata e cobram o reajuste do Piso Nacional da Categoria."},"content":{"rendered":"<p>A APLB-Belmonte cumpriu mais um evento da sua agenda de campanha pelo reajuste do Piso Salarial Nacional a ser pago aos professores da rede municipal de ensino. Estamos falando da passeata pelas ruas da cidade que aconteceu na manh\u00e3 dessa ter\u00e7a-feira (13\/06) e contou com a presen\u00e7a dos professores, funcion\u00e1rios ligados \u00e0 educa\u00e7\u00e3o, familiares dos docentes e apoiadores da causa.<\/p>\n<p><a href=\"http:\/\/www.maisbn.com\/portal\/wp-content\/uploads\/2017\/06\/passeata_professores00013.jpg\"><img loading=\"lazy\" decoding=\"async\" class=\"size-full wp-image-15208 aligncenter\" src=\"http:\/\/www.maisbn.com\/portal\/wp-content\/uploads\/2017\/06\/passeata_professores00013.jpg\" alt=\"passeata_professores00013\" width=\"642\" height=\"412\" \/><\/a><\/p>\n<p>A concentra\u00e7\u00e3o do evento foi feita na sede da APL-Belmonte onde foi disponibilizada pela entidade uma sortida mesa de caf\u00e9 da manh\u00e3 para os professores presentes no evento. Logo ap\u00f3s, os docentes sa\u00edram pelas ruas do centro da cidade empunhando faixas e exigindo o cumprimento da lei por parte da Prefeitura Municipal de Belmonte. O movimento seguiu at\u00e9 a sede do poder executivo belmontense onde fizeram um ato em frente ao pr\u00e9dio pedindo respeito e valoriza\u00e7\u00e3o por parte do Prefeito Janival Borges. O \u00e1pice do movimento aconteceu em frente \u00e0 sede da Secretaria Municipal de Educa\u00e7\u00e3o onde os professores deram as m\u00e3os sinalizando que a categoria est\u00e1 unida para lutar por seus direitos.<\/p>\n<p><a href=\"http:\/\/www.maisbn.com\/portal\/wp-content\/uploads\/2017\/06\/passeata_professores00009.jpg\"><img loading=\"lazy\" decoding=\"async\" class=\"size-full wp-image-15209 aligncenter\" src=\"http:\/\/www.maisbn.com\/portal\/wp-content\/uploads\/2017\/06\/passeata_professores00009.jpg\" alt=\"passeata_professores00009\" width=\"642\" height=\"412\" \/><\/a><\/p>\n<p>Nossa equipe conversou com o Sr. Igor Suzart Mega, Coordenador Municipal da APLB e o mesmo comentou que a entidade ainda essa semana pretende marcar mais uma reuni\u00e3o de negocia\u00e7\u00e3o para tentar resolver a situa\u00e7\u00e3o. &#8211; <em>&#8220;O nosso objetivo \u00e9 encontrar uma solu\u00e7\u00e3o porque a categoria n\u00e3o pode ficar no preju\u00edzo. O piso salarial e o retroativo s\u00e3o direitos dos professores e o que queremos \u00e9 uma proposta que seja boa para todos os envolvidos.&#8221; &#8211; <\/em>O coordenador tamb\u00e9m colocou que, se as negocia\u00e7\u00f5es n\u00e3o forem retomadas, a categoria pretende entrar em greve por tempo indeterminado e procurar aux\u00edlio da justi\u00e7a para fazer a media\u00e7\u00e3o do conflito.<\/p>\n<p><a href=\"http:\/\/www.maisbn.com\/portal\/wp-content\/uploads\/2017\/06\/mosaico_passeata_professores.jpg\"><img loading=\"lazy\" decoding=\"async\" class=\"aligncenter size-full wp-image-15210\" src=\"http:\/\/www.maisbn.com\/portal\/wp-content\/uploads\/2017\/06\/mosaico_passeata_professores.jpg\" alt=\"mosaico_passeata_professores\" width=\"700\" height=\"450\" \/><\/a><\/p>\n<p><strong>Entenda o caso<\/strong><\/p>\n<p>Os professores exigem o pagamento do piso nacional da categoria estabelecido pelo Minist\u00e9rio da Educa\u00e7\u00e3o que esse ano foi reajustado em 7,64%. Tamb\u00e9m faz parte das exig\u00eancias o pagamento dos retroativos relativos a janeiro, m\u00eas em que o reajuste entrou em vigor. A Prefeitura Municipal de Belmonte, por sua vez, alega que o munic\u00edpio n\u00e3o tem dinheiro para bancar os custos e sugeriu um escalonamento, proposta que n\u00e3o foi aceita pela categoria. O diret\u00f3rio da APLB-Belmonte enfatizou que o reajuste e o retroativo s\u00e3o quest\u00f5es inegoci\u00e1veis porque \u00e9 um direito da categoria assegurado por lei. A gest\u00e3o municipal, segundo a dire\u00e7\u00e3o da APLB-Belmonte, n\u00e3o fez mais nenhuma contraproposta e tamb\u00e9m n\u00e3o manifestou vontade de voltar a negociar com a categoria.<\/p>\n<p>V\u00e1rios pais entrevistados por nossa reportagem reconhecem que a luta dos professores \u00e9 leg\u00edtima e torcem que as partes cheguem a um consenso e que o conflito n\u00e3o prejudique o ano letivo dos alunos.<\/p>\n<p>&nbsp;<\/p>\n<p>&nbsp;<\/p>\n","protected":false},"excerpt":{"rendered":"<p>A APLB-Belmonte cumpriu mais um evento da sua agenda de campanha pelo reajuste do Piso Salarial Nacional a ser pago aos professores da rede municipal de ensino. Estamos falando da passeata pelas ruas da cidade que aconteceu na manh\u00e3 dessa ter\u00e7a-feira (13\/06) e contou com a presen\u00e7a dos professores, funcion\u00e1rios ligados \u00e0 educa\u00e7\u00e3o, familiares dos [&hellip;]<\/p>\n","protected":false},"author":7,"featured_media":15208,"comment_status":"open","ping_status":"open","sticky":false,"template":"","format":"standard","meta":{"footnotes":""},"categories":[8,1],"tags":[108],"class_list":["post-15205","post","type-post","status-publish","format-standard","has-post-thumbnail","hentry","category-educacao","category-noticias","tag-belmonte"],"_links":{"self":[{"href":"https:\/\/www.maisbn.com\/portal\/wp-json\/wp\/v2\/posts\/15205","targetHints":{"allow":["GET"]}}],"collection":[{"href":"https:\/\/www.maisbn.com\/portal\/wp-json\/wp\/v2\/posts"}],"about":[{"href":"https:\/\/www.maisbn.com\/portal\/wp-json\/wp\/v2\/types\/post"}],"author":[{"embeddable":true,"href":"https:\/\/www.maisbn.com\/portal\/wp-json\/wp\/v2\/users\/7"}],"replies":[{"embeddable":true,"href":"https:\/\/www.maisbn.com\/portal\/wp-json\/wp\/v2\/comments?post=15205"}],"version-history":[{"count":2,"href":"https:\/\/www.maisbn.com\/portal\/wp-json\/wp\/v2\/posts\/15205\/revisions"}],"predecessor-version":[{"id":15211,"href":"https:\/\/www.maisbn.com\/portal\/wp-json\/wp\/v2\/posts\/15205\/revisions\/15211"}],"wp:featuredmedia":[{"embeddable":true,"href":"https:\/\/www.maisbn.com\/portal\/wp-json\/wp\/v2\/media\/15208"}],"wp:attachment":[{"href":"https:\/\/www.maisbn.com\/portal\/wp-json\/wp\/v2\/media?parent=15205"}],"wp:term":[{"taxonomy":"category","embeddable":true,"href":"https:\/\/www.maisbn.com\/portal\/wp-json\/wp\/v2\/categories?post=15205"},{"taxonomy":"post_tag","embeddable":true,"href":"https:\/\/www.maisbn.com\/portal\/wp-json\/wp\/v2\/tags?post=15205"}],"curies":[{"name":"wp","href":"https:\/\/api.w.org\/{rel}","templated":true}]}}