{"id":15199,"date":"2017-06-12T15:39:39","date_gmt":"2017-06-12T18:39:39","guid":{"rendered":"http:\/\/www.maisbn.com\/portal\/?p=15199"},"modified":"2017-06-12T15:47:00","modified_gmt":"2017-06-12T18:47:00","slug":"camara-de-vereadores-convoca-populacao-para-discutir-o-possivel-fechamento-da-comarca-de-belmonte","status":"publish","type":"post","link":"https:\/\/www.maisbn.com\/portal\/2017\/06\/camara-de-vereadores-convoca-populacao-para-discutir-o-possivel-fechamento-da-comarca-de-belmonte\/","title":{"rendered":"C\u00e2mara de Vereadores convoca popula\u00e7\u00e3o para discutir o poss\u00edvel fechamento da Comarca de Belmonte."},"content":{"rendered":"<p><a href=\"http:\/\/www.maisbn.com\/portal\/wp-content\/uploads\/2014\/12\/camara_belmonte.jpg\"><img loading=\"lazy\" decoding=\"async\" class=\"size-full wp-image-6567 aligncenter\" src=\"http:\/\/www.maisbn.com\/portal\/wp-content\/uploads\/2014\/12\/camara_belmonte.jpg\" alt=\"camara_belmonte\" width=\"528\" height=\"277\" \/><\/a><\/p>\n<p>O Presidente da C\u00e2mara de Vereadores de Belmonte Aelson Matos (Calango) emitiu nessa segunda-feira (12\/06) um convite direcionado aos representantes das institui\u00e7\u00f5es organizadas, das Associa\u00e7\u00f5es Municipais e toda a popula\u00e7\u00e3o belmontense para que todos compare\u00e7am nessa ter\u00e7a-feira (13\/06) na sede do Poder Legislativo de Belmonte localizada na Rua Coronel Jos\u00e9 Gomes, no Centro,\u00a0 para uma audi\u00eancia p\u00fablica com o objetivo de discutir o poss\u00edvel fechamento da Comarca de Belmonte pelo Tribunal de Justi\u00e7a da Bahia e implementar a\u00e7\u00f5es para evitar que esse fato aconte\u00e7a. A reuni\u00e3o ser\u00e1 realizada \u00e0s 19:00Hrs e contar\u00e1 com a presen\u00e7a do Presidente da OAB de Porto Seguro, Dr. Arruda.<\/p>\n<p>Em conversa com nossa reportagem Calango se mostrou preocupado com a situa\u00e7\u00e3o e disse que a sociedade belmontense precisa debater o tema e buscar ajuda. &#8220;Apesar da proposta ainda n\u00e3o estar em processo definitivo n\u00e3o podemos ficar parados esperando acontecer. O objetivo dos vereadores e da OAB \u00e9 conscientizar a comunidade e nos unirmos fortemente para que a nossa cidade n\u00e3o perca a sua Comarca. Isso traria preju\u00edzos irrepar\u00e1veis para os belmontenses. Temos que achar uma solu\u00e7\u00e3o urgente e precisamos da ajuda de todos nessa luta.&#8221; &#8211; Comentou Aelson Matos.<\/p>\n<p>&nbsp;<\/p>\n","protected":false},"excerpt":{"rendered":"<p>O Presidente da C\u00e2mara de Vereadores de Belmonte Aelson Matos (Calango) emitiu nessa segunda-feira (12\/06) um convite direcionado aos representantes das institui\u00e7\u00f5es organizadas, das Associa\u00e7\u00f5es Municipais e toda a popula\u00e7\u00e3o belmontense para que todos compare\u00e7am nessa ter\u00e7a-feira (13\/06) na sede do Poder Legislativo de Belmonte localizada na Rua Coronel Jos\u00e9 Gomes, no Centro,\u00a0 para uma [&hellip;]<\/p>\n","protected":false},"author":7,"featured_media":6567,"comment_status":"open","ping_status":"open","sticky":false,"template":"","format":"standard","meta":{"footnotes":""},"categories":[45,1],"tags":[435],"class_list":["post-15199","post","type-post","status-publish","format-standard","has-post-thumbnail","hentry","category-cidades","category-noticias","tag-belmonte-bahia-3"],"_links":{"self":[{"href":"https:\/\/www.maisbn.com\/portal\/wp-json\/wp\/v2\/posts\/15199","targetHints":{"allow":["GET"]}}],"collection":[{"href":"https:\/\/www.maisbn.com\/portal\/wp-json\/wp\/v2\/posts"}],"about":[{"href":"https:\/\/www.maisbn.com\/portal\/wp-json\/wp\/v2\/types\/post"}],"author":[{"embeddable":true,"href":"https:\/\/www.maisbn.com\/portal\/wp-json\/wp\/v2\/users\/7"}],"replies":[{"embeddable":true,"href":"https:\/\/www.maisbn.com\/portal\/wp-json\/wp\/v2\/comments?post=15199"}],"version-history":[{"count":4,"href":"https:\/\/www.maisbn.com\/portal\/wp-json\/wp\/v2\/posts\/15199\/revisions"}],"predecessor-version":[{"id":15203,"href":"https:\/\/www.maisbn.com\/portal\/wp-json\/wp\/v2\/posts\/15199\/revisions\/15203"}],"wp:featuredmedia":[{"embeddable":true,"href":"https:\/\/www.maisbn.com\/portal\/wp-json\/wp\/v2\/media\/6567"}],"wp:attachment":[{"href":"https:\/\/www.maisbn.com\/portal\/wp-json\/wp\/v2\/media?parent=15199"}],"wp:term":[{"taxonomy":"category","embeddable":true,"href":"https:\/\/www.maisbn.com\/portal\/wp-json\/wp\/v2\/categories?post=15199"},{"taxonomy":"post_tag","embeddable":true,"href":"https:\/\/www.maisbn.com\/portal\/wp-json\/wp\/v2\/tags?post=15199"}],"curies":[{"name":"wp","href":"https:\/\/api.w.org\/{rel}","templated":true}]}}