{"id":15170,"date":"2017-06-08T09:08:03","date_gmt":"2017-06-08T12:08:03","guid":{"rendered":"http:\/\/www.maisbn.com\/portal\/?p=15170"},"modified":"2017-06-08T09:08:03","modified_gmt":"2017-06-08T12:08:03","slug":"tj-ba-estuda-fechar-a-comarca-de-belmonte-e-transferir-os-processos-judiciais-para-cabralia","status":"publish","type":"post","link":"https:\/\/www.maisbn.com\/portal\/2017\/06\/tj-ba-estuda-fechar-a-comarca-de-belmonte-e-transferir-os-processos-judiciais-para-cabralia\/","title":{"rendered":"TJ-BA estuda fechar a Comarca de Belmonte e transferir os processos judiciais para Cabr\u00e1lia."},"content":{"rendered":"<p><a href=\"http:\/\/www.maisbn.com\/portal\/wp-content\/uploads\/2016\/08\/Forum_Belmonte.jpg\"><img loading=\"lazy\" decoding=\"async\" class=\"aligncenter size-full wp-image-12104\" src=\"http:\/\/www.maisbn.com\/portal\/wp-content\/uploads\/2016\/08\/Forum_Belmonte.jpg\" alt=\"Forum_Belmonte\" width=\"700\" height=\"461\" \/><\/a><\/p>\n<p>A sociedade belmontense, bem como, toda a for\u00e7a pol\u00edtica da cidade est\u00e1 se organizando para lutar contra uma poss\u00edvel resolu\u00e7\u00e3o do Tribunal de Justi\u00e7a da Bahia que pode prejudicar todo o munic\u00edpio e dificultar ainda mais o acesso dos moradores \u00e0 justi\u00e7a. Estamos falando do estudo realizado pela entidade que visa fechar cerca de 100 comarcas no interior da Bahia e uma delas \u00e9 a de Belmonte. O TJ-BA planeja fazer um agrupamento de comarcas no intuito de eliminar as menores e transferir os seus processos para comarcas maiores. Segundo a entidade, a resolu\u00e7\u00e3o trar\u00e1 economia para a justi\u00e7a baiana.<\/p>\n<p>A not\u00edcia pegou toda a popula\u00e7\u00e3o de surpresa e preocupou as autoridades. Uma das primeiras lideran\u00e7as pol\u00edticas a se manifestar foi o Vereador, agente da Pol\u00edcia Civil e Vice-presidente do Legislativo, Alfredo Aberceb. A preocupa\u00e7\u00e3o do mesmo \u00e9 com rela\u00e7\u00e3o ao andamento dos processos criminais que pode ser muito prejudicado, fato que pode aumentar ainda mais o clima de impunidade que j\u00e1 existe por causa da falta de estrutura e de efetivo das Pol\u00edcias Militar e Civil da cidade. &#8220;A nossa cidade est\u00e1 vivendo um aumento da criminalidade e essa a\u00e7\u00e3o pode dificultar ainda mais o combate aos infratores da lei, j\u00e1 que, dependemos da justi\u00e7a para expedir os mandados de pris\u00e3o que embasam as opera\u00e7\u00f5es policiais. Tamb\u00e9m temos outras diversas situa\u00e7\u00f5es que pode dificultar a vida dos moradores de Belmonte porque ter\u00e3o que se deslocar para outra cidade se quiserem ter acesso \u00e0 justi\u00e7a e fazer valer os seus direitos. Eu, o Presidente Aelson Matos (Calango) e todos os meus colegas vereadores estamos mobilizados e iremos lutar junto com a comunidade para que esse disparate n\u00e3o aconte\u00e7a. &#8221; &#8211; Finalizou Alfredo.<\/p>\n<p>Nossa equipe entrou em contato com o Deputado Estadual J\u00e2nio Natal para saber o posicionamento do mesmo sobre o assunto. O mesmo nos comunicou que st\u00e1 sabendo da situa\u00e7\u00e3o e est\u00e1 se mobilizando para tentar impedir o fechamento das comarcas. Comarcas de Itabepi, Buerarema e diversos outros munic\u00edpios da regi\u00e3o tamb\u00e9m est\u00e3o sofrendo com o problema e podem ser fechadas. &#8220;Outros munic\u00edpios da regi\u00e3o est\u00e3o na mesma situa\u00e7\u00e3o que Belmonte e eu estou disposto a unir for\u00e7as e lutar para impedir essa a\u00e7\u00e3o que ir\u00e1 prejudicar os moradores do extremo sul baiano. &#8221; &#8211; Finalizou o Deputado.<\/p>\n<p>Com o poss\u00edvel fechamento da Comarca de Justi\u00e7a de Belmonte, todos os processos ser\u00e3o transferidos para a compet\u00eancia da Comarca do munic\u00edpio de Santa Cruz Cabr\u00e1lia. Uma comiss\u00e3o do Tribunal de Justi\u00e7a composta por desembargadores dever\u00e1 estar em Belmonte nessa sexta-feira (09\/06) para realizar estudos sobre a situa\u00e7\u00e3o da Comarca da cidade.<\/p>\n","protected":false},"excerpt":{"rendered":"<p>A sociedade belmontense, bem como, toda a for\u00e7a pol\u00edtica da cidade est\u00e1 se organizando para lutar contra uma poss\u00edvel resolu\u00e7\u00e3o do Tribunal de Justi\u00e7a da Bahia que pode prejudicar todo o munic\u00edpio e dificultar ainda mais o acesso dos moradores \u00e0 justi\u00e7a. Estamos falando do estudo realizado pela entidade que visa fechar cerca de 100 [&hellip;]<\/p>\n","protected":false},"author":7,"featured_media":12104,"comment_status":"open","ping_status":"open","sticky":false,"template":"","format":"standard","meta":{"footnotes":""},"categories":[99,1],"tags":[108],"class_list":["post-15170","post","type-post","status-publish","format-standard","has-post-thumbnail","hentry","category-justica","category-noticias","tag-belmonte"],"_links":{"self":[{"href":"https:\/\/www.maisbn.com\/portal\/wp-json\/wp\/v2\/posts\/15170","targetHints":{"allow":["GET"]}}],"collection":[{"href":"https:\/\/www.maisbn.com\/portal\/wp-json\/wp\/v2\/posts"}],"about":[{"href":"https:\/\/www.maisbn.com\/portal\/wp-json\/wp\/v2\/types\/post"}],"author":[{"embeddable":true,"href":"https:\/\/www.maisbn.com\/portal\/wp-json\/wp\/v2\/users\/7"}],"replies":[{"embeddable":true,"href":"https:\/\/www.maisbn.com\/portal\/wp-json\/wp\/v2\/comments?post=15170"}],"version-history":[{"count":1,"href":"https:\/\/www.maisbn.com\/portal\/wp-json\/wp\/v2\/posts\/15170\/revisions"}],"predecessor-version":[{"id":15171,"href":"https:\/\/www.maisbn.com\/portal\/wp-json\/wp\/v2\/posts\/15170\/revisions\/15171"}],"wp:featuredmedia":[{"embeddable":true,"href":"https:\/\/www.maisbn.com\/portal\/wp-json\/wp\/v2\/media\/12104"}],"wp:attachment":[{"href":"https:\/\/www.maisbn.com\/portal\/wp-json\/wp\/v2\/media?parent=15170"}],"wp:term":[{"taxonomy":"category","embeddable":true,"href":"https:\/\/www.maisbn.com\/portal\/wp-json\/wp\/v2\/categories?post=15170"},{"taxonomy":"post_tag","embeddable":true,"href":"https:\/\/www.maisbn.com\/portal\/wp-json\/wp\/v2\/tags?post=15170"}],"curies":[{"name":"wp","href":"https:\/\/api.w.org\/{rel}","templated":true}]}}