{"id":15146,"date":"2017-06-05T15:38:49","date_gmt":"2017-06-05T18:38:49","guid":{"rendered":"http:\/\/www.maisbn.com\/portal\/?p=15146"},"modified":"2017-06-05T15:57:36","modified_gmt":"2017-06-05T18:57:36","slug":"porto-seguro-e-eunapolis-aparecem-no-ranking-das-30-cidades-mais-violentas-do-pais","status":"publish","type":"post","link":"https:\/\/www.maisbn.com\/portal\/2017\/06\/porto-seguro-e-eunapolis-aparecem-no-ranking-das-30-cidades-mais-violentas-do-pais\/","title":{"rendered":"Porto Seguro e Eun\u00e1polis aparecem no ranking das 30 cidades mais violentas do pa\u00eds."},"content":{"rendered":"<div class=\"mc-column content-text active-extra-styles active-capital-letter\" data-block-type=\"unstyled\" data-block-weight=\"50\">\n<p class=\"content-text__container theme-color-primary-first-letter\" data-track-category=\"Link no Texto\" data-track-links=\"\"><a href=\"http:\/\/www.maisbn.com\/portal\/wp-content\/uploads\/2017\/06\/cidades-mais-violentas-v22.jpg\"><img loading=\"lazy\" decoding=\"async\" class=\"aligncenter wp-image-15147\" src=\"http:\/\/www.maisbn.com\/portal\/wp-content\/uploads\/2017\/06\/cidades-mais-violentas-v22-658x900.jpg\" alt=\"cidades-mais-violentas-v22\" width=\"520\" height=\"711\" srcset=\"https:\/\/www.maisbn.com\/portal\/wp-content\/uploads\/2017\/06\/cidades-mais-violentas-v22-658x900.jpg 658w, https:\/\/www.maisbn.com\/portal\/wp-content\/uploads\/2017\/06\/cidades-mais-violentas-v22-731x1000.jpg 731w, https:\/\/www.maisbn.com\/portal\/wp-content\/uploads\/2017\/06\/cidades-mais-violentas-v22.jpg 1600w\" sizes=\"auto, (max-width: 520px) 100vw, 520px\" \/><\/a><\/p>\n<p class=\"content-text__container theme-color-primary-first-letter\" data-track-category=\"Link no Texto\" data-track-links=\"\">A cidade de Lauro de Freitas, localizada na Regi\u00e3o Metropolitana de Salvador (RMS), est\u00e1 em segundo lugar entre os 30 munic\u00edpios mais violentos com popula\u00e7\u00e3o superior a 100 mil habitantes, de acordo com <a href=\"http:\/\/g1.globo.com\/politica\/noticia\/apenas-2-dos-municipios-do-pais-concentram-metade-dos-homicidios-diz-ipea.ghtml\">dados, referentes ao ano de 2015, do Instituto de Pesquisa Econ\u00f4mica Aplicada (Ipea), divulgados nesta segunda-feira (5). <\/a><\/p>\n<\/div>\n<div class=\"mc-column content-text active-extra-styles \" data-block-type=\"unstyled\" data-block-weight=\"55\">\n<p class=\"content-text__container \" data-track-category=\"Link no Texto\" data-track-links=\"\">O munic\u00edpio baiano, que tinha em 2015 popula\u00e7\u00e3o de 191.426 habitantes, ficou atr\u00e1s apenas da cidade de Altamira (PA). Lauro de Freitas computou, no ano em quest\u00e3o, 177 homic\u00eddios e 10 Mortes Violentas com Causa Indeterminada (MCVI). Segundo o estudo, a m\u00e9dia foi de 92.5 homic\u00eddios a cada grupo de 100 mil habitantes, em 2015. Al\u00e9m de Lauro de Freitas, a Bahia ainda tem mais oito cidades no ranking dos 30 munic\u00edpios mais violentos: Sim\u00f5es Filho (5\u00ba lugar), Teixeira de Freitas (7\u00ba), Porto Seguro (9\u00ba), Barreiras (14\u00ba), Cama\u00e7ari (15\u00ba), Alagoinhas (18\u00ba), Eun\u00e1polis (19\u00ba) e Feira de Santana (30\u00ba).<\/p>\n<\/div>\n<div class=\"mc-column content-text active-extra-styles \" data-block-type=\"unstyled\" data-block-weight=\"43\">\n<div class=\"mc-column content-text active-extra-styles \" data-block-type=\"unstyled\" data-block-weight=\"41\">\n<p class=\"content-text__container \" data-track-category=\"Link no Texto\" data-track-links=\"\">Em Sim\u00f5es Filho, tamb\u00e9m na Regi\u00e3o Metropolitana de Salvador (RMS), que tem 133.202 habitantes, foram registrados 112 homic\u00eddios e 11 MCVI. J\u00e1 em Teixeira de Freitas, no extremo sul da Bahia, com 157.804 habitantes, foram computados 114 homic\u00eddios e 25 MCVI.<\/p>\n<p class=\"content-text__container \" data-track-category=\"Link no Texto\" data-track-links=\"\"><a href=\"http:\/\/www.maisbn.com\/portal\/wp-content\/uploads\/2017\/06\/cidades-mais-violentas-v2.jpg\"><img loading=\"lazy\" decoding=\"async\" class=\"aligncenter wp-image-15148\" src=\"http:\/\/www.maisbn.com\/portal\/wp-content\/uploads\/2017\/06\/cidades-mais-violentas-v2-987x900.jpg\" alt=\"cidades-mais-violentas-v2\" width=\"572\" height=\"521\" srcset=\"https:\/\/www.maisbn.com\/portal\/wp-content\/uploads\/2017\/06\/cidades-mais-violentas-v2-987x900.jpg 987w, https:\/\/www.maisbn.com\/portal\/wp-content\/uploads\/2017\/06\/cidades-mais-violentas-v2-1096x1000.jpg 1096w, https:\/\/www.maisbn.com\/portal\/wp-content\/uploads\/2017\/06\/cidades-mais-violentas-v2.jpg 1594w\" sizes=\"auto, (max-width: 572px) 100vw, 572px\" \/><\/a><\/p>\n<\/div>\n<div class=\"mc-column content-text active-extra-styles \" data-block-type=\"unstyled\" data-block-weight=\"47\">\n<p class=\"content-text__container \" data-track-category=\"Link no Texto\" data-track-links=\"\">Em Porto Seguro, tamb\u00e9m no extremo sul baiano, que tem popula\u00e7\u00e3o de 145.431 pessoas, o n\u00famero de homic\u00eddios chegou a 123 e o de MCVI, 2. Na regi\u00e3o oeste do estado, em Barreiras, com 153.918 habitantes, foi registrado 1 homic\u00eddio e 119 Mortes Violentas com Causa Indeterminada.<\/p>\n<div class=\"mc-column content-text active-extra-styles \" data-block-type=\"unstyled\" data-block-weight=\"35\">\n<p class=\"content-text__container \" data-track-category=\"Link no Texto\" data-track-links=\"\">Com popula\u00e7\u00e3o de 286.919 pessoas, em Cama\u00e7ari, na RMS, foram 207 homic\u00eddios e 16 MCVI. Em Alagoinhas, que tem 154.495 habitantes, o Atlas mostra que ocorreram 103 homic\u00eddios e 14 Mortes Violentas com Causa Indeterminada.Ainda no extremo sul da Bahia, em Eun\u00e1polis, a cidade com popula\u00e7\u00e3o de 113.191 pessoas teve 66 homic\u00eddios e 19 MCVI. A cerca de 100 km de Salvador, em Feira de Santana, munic\u00edpio com 617.528 habitantes, ocorreram 218 homic\u00eddios e 205 Mortes Violentas com Causa Indeterminada.<\/p>\n<\/div>\n<div class=\"mc-column content-text active-extra-styles \" data-block-type=\"unstyled\" data-block-weight=\"21\">\n<p class=\"content-text__container \" data-track-category=\"Link no Texto\" data-track-links=\"\">J\u00e1 a lista dos 30 munic\u00edpios mais pac\u00edficos, tamb\u00e9m com popula\u00e7\u00e3o superior a 100 mil habitantes, n\u00e3o h\u00e1 nenhum munic\u00edpio baiano.<\/p>\n<p class=\"content-text__container \" data-track-category=\"Link no Texto\" data-track-links=\"\"><span style=\"color: #ff0000;\"><em>Fonte: G1.com<\/em><\/span><\/p>\n<\/div>\n<\/div>\n<\/div>\n","protected":false},"excerpt":{"rendered":"<p>A cidade de Lauro de Freitas, localizada na Regi\u00e3o Metropolitana de Salvador (RMS), est\u00e1 em segundo lugar entre os 30 munic\u00edpios mais violentos com popula\u00e7\u00e3o superior a 100 mil habitantes, de acordo com dados, referentes ao ano de 2015, do Instituto de Pesquisa Econ\u00f4mica Aplicada (Ipea), divulgados nesta segunda-feira (5). O munic\u00edpio baiano, que tinha [&hellip;]<\/p>\n","protected":false},"author":7,"featured_media":15149,"comment_status":"open","ping_status":"open","sticky":false,"template":"","format":"standard","meta":{"footnotes":""},"categories":[1,16],"tags":[108],"class_list":["post-15146","post","type-post","status-publish","format-standard","has-post-thumbnail","hentry","category-noticias","category-policial","tag-belmonte"],"_links":{"self":[{"href":"https:\/\/www.maisbn.com\/portal\/wp-json\/wp\/v2\/posts\/15146","targetHints":{"allow":["GET"]}}],"collection":[{"href":"https:\/\/www.maisbn.com\/portal\/wp-json\/wp\/v2\/posts"}],"about":[{"href":"https:\/\/www.maisbn.com\/portal\/wp-json\/wp\/v2\/types\/post"}],"author":[{"embeddable":true,"href":"https:\/\/www.maisbn.com\/portal\/wp-json\/wp\/v2\/users\/7"}],"replies":[{"embeddable":true,"href":"https:\/\/www.maisbn.com\/portal\/wp-json\/wp\/v2\/comments?post=15146"}],"version-history":[{"count":6,"href":"https:\/\/www.maisbn.com\/portal\/wp-json\/wp\/v2\/posts\/15146\/revisions"}],"predecessor-version":[{"id":15155,"href":"https:\/\/www.maisbn.com\/portal\/wp-json\/wp\/v2\/posts\/15146\/revisions\/15155"}],"wp:featuredmedia":[{"embeddable":true,"href":"https:\/\/www.maisbn.com\/portal\/wp-json\/wp\/v2\/media\/15149"}],"wp:attachment":[{"href":"https:\/\/www.maisbn.com\/portal\/wp-json\/wp\/v2\/media?parent=15146"}],"wp:term":[{"taxonomy":"category","embeddable":true,"href":"https:\/\/www.maisbn.com\/portal\/wp-json\/wp\/v2\/categories?post=15146"},{"taxonomy":"post_tag","embeddable":true,"href":"https:\/\/www.maisbn.com\/portal\/wp-json\/wp\/v2\/tags?post=15146"}],"curies":[{"name":"wp","href":"https:\/\/api.w.org\/{rel}","templated":true}]}}