{"id":15108,"date":"2017-05-31T23:51:15","date_gmt":"2017-06-01T02:51:15","guid":{"rendered":"http:\/\/www.maisbn.com\/portal\/?p=15108"},"modified":"2017-05-31T23:51:15","modified_gmt":"2017-06-01T02:51:15","slug":"prefeitura-de-cabralia-e-comunidade-discutem-situacao-da-balsa-do-rio-joao-de-tiba","status":"publish","type":"post","link":"https:\/\/www.maisbn.com\/portal\/2017\/05\/prefeitura-de-cabralia-e-comunidade-discutem-situacao-da-balsa-do-rio-joao-de-tiba\/","title":{"rendered":"Prefeitura de Cabr\u00e1lia e comunidade discutem situa\u00e7\u00e3o da balsa do Rio Jo\u00e3o de Tiba."},"content":{"rendered":"<p><a href=\"http:\/\/www.maisbn.com\/portal\/wp-content\/uploads\/2017\/05\/balsa-cabralia-e1495421595205.jpeg\"><img loading=\"lazy\" decoding=\"async\" class=\"aligncenter size-full wp-image-15000\" src=\"http:\/\/www.maisbn.com\/portal\/wp-content\/uploads\/2017\/05\/balsa-cabralia-e1495421595205.jpeg\" alt=\"balsa-cabralia\" width=\"700\" height=\"389\" \/><\/a><\/p>\n<p>A Procuradoria do Munic\u00edpio de Santa Cruz Cabr\u00e1lia recebeu nessa ter\u00e7a-feira (30\/05) representantes das comunidades que usam a Balsa na Travessia Cabr\u00e1lia &#8211; Santo Andr\u00e9, na Foz do Rio Jo\u00e3o de Tiba com o objetivo de se discutir a pol\u00eamica situa\u00e7\u00e3o do aumento das tarifas das balsas, fato que foi duramente criticado pelas comunidades atendidas pelo servi\u00e7o. No encontro foram abordados diversos pontos relacionados a pre\u00e7os diferenciados para moradores, contrapartida por parte da empresa concession\u00e1ria, defini\u00e7\u00e3o de prazos e \u00edndices para reajustes das tarifas al\u00e9m da regulamenta\u00e7\u00e3o definitiva para o setor.<\/p>\n<p>Com base nas discuss\u00f5es foi elaborada uma agenda com o objetivo de, junto ao Minist\u00e9rio P\u00fablico Estadual (MP-BA), ser firmado um Termo de Ajuste de Conduta (TAC) ente a Prefeitura de Cabr\u00e1lia, empresa que presta os servi\u00e7os das balsas e Minist\u00e9rio P\u00fablico visando a melhoria dos servi\u00e7os prestados e a defini\u00e7\u00e3o dos valores das tarifas.<\/p>\n<p>A Procuradoria do Munic\u00edpio de Cabr\u00e1lia ainda informou que o Prefeito Agnelo Santos determinou que o \u00f3rg\u00e3o mantenha a transpar\u00eancia em todas as etapas da elabora\u00e7\u00e3o do TAC e que haja em parceria com a comunidade na busca de solu\u00e7\u00f5es que sejam melhores para todas as partes envolvidas.<\/p>\n","protected":false},"excerpt":{"rendered":"<p>A Procuradoria do Munic\u00edpio de Santa Cruz Cabr\u00e1lia recebeu nessa ter\u00e7a-feira (30\/05) representantes das comunidades que usam a Balsa na Travessia Cabr\u00e1lia &#8211; Santo Andr\u00e9, na Foz do Rio Jo\u00e3o de Tiba com o objetivo de se discutir a pol\u00eamica situa\u00e7\u00e3o do aumento das tarifas das balsas, fato que foi duramente criticado pelas comunidades atendidas [&hellip;]<\/p>\n","protected":false},"author":7,"featured_media":15000,"comment_status":"open","ping_status":"open","sticky":false,"template":"","format":"standard","meta":{"footnotes":""},"categories":[45,1],"tags":[108],"class_list":["post-15108","post","type-post","status-publish","format-standard","has-post-thumbnail","hentry","category-cidades","category-noticias","tag-belmonte"],"_links":{"self":[{"href":"https:\/\/www.maisbn.com\/portal\/wp-json\/wp\/v2\/posts\/15108","targetHints":{"allow":["GET"]}}],"collection":[{"href":"https:\/\/www.maisbn.com\/portal\/wp-json\/wp\/v2\/posts"}],"about":[{"href":"https:\/\/www.maisbn.com\/portal\/wp-json\/wp\/v2\/types\/post"}],"author":[{"embeddable":true,"href":"https:\/\/www.maisbn.com\/portal\/wp-json\/wp\/v2\/users\/7"}],"replies":[{"embeddable":true,"href":"https:\/\/www.maisbn.com\/portal\/wp-json\/wp\/v2\/comments?post=15108"}],"version-history":[{"count":1,"href":"https:\/\/www.maisbn.com\/portal\/wp-json\/wp\/v2\/posts\/15108\/revisions"}],"predecessor-version":[{"id":15109,"href":"https:\/\/www.maisbn.com\/portal\/wp-json\/wp\/v2\/posts\/15108\/revisions\/15109"}],"wp:featuredmedia":[{"embeddable":true,"href":"https:\/\/www.maisbn.com\/portal\/wp-json\/wp\/v2\/media\/15000"}],"wp:attachment":[{"href":"https:\/\/www.maisbn.com\/portal\/wp-json\/wp\/v2\/media?parent=15108"}],"wp:term":[{"taxonomy":"category","embeddable":true,"href":"https:\/\/www.maisbn.com\/portal\/wp-json\/wp\/v2\/categories?post=15108"},{"taxonomy":"post_tag","embeddable":true,"href":"https:\/\/www.maisbn.com\/portal\/wp-json\/wp\/v2\/tags?post=15108"}],"curies":[{"name":"wp","href":"https:\/\/api.w.org\/{rel}","templated":true}]}}