{"id":15093,"date":"2017-05-30T22:39:54","date_gmt":"2017-05-31T01:39:54","guid":{"rendered":"http:\/\/www.maisbn.com\/portal\/?p=15093"},"modified":"2017-05-30T22:39:54","modified_gmt":"2017-05-31T01:39:54","slug":"vereador-alfredo-aberceb-e-esposa-distribuem-sopa-para-familias-carentes-em-belmonte","status":"publish","type":"post","link":"https:\/\/www.maisbn.com\/portal\/2017\/05\/vereador-alfredo-aberceb-e-esposa-distribuem-sopa-para-familias-carentes-em-belmonte\/","title":{"rendered":"Vereador Alfredo Aberceb e esposa distribuem sopa para fam\u00edlias carentes em Belmonte."},"content":{"rendered":"<p>Nessa ter\u00e7a-feira (30\/05) aconteceu mais uma edi\u00e7\u00e3o do projeto social do Vereador Alfredo Aberceb e N\u00fabia Aberceb, sua esposa, nos Bairros Bom Jardim e S\u00e3o Benedito. Estamos falando da distribui\u00e7\u00e3o do sop\u00e3o onde s\u00e3o atendidas diversas fam\u00edlias carentes com crian\u00e7as em situa\u00e7\u00e3o de risco social.<\/p>\n<p><a href=\"http:\/\/www.maisbn.com\/portal\/wp-content\/uploads\/2017\/05\/sopaosaobenedito00002.jpg\"><img loading=\"lazy\" decoding=\"async\" class=\"aligncenter size-full wp-image-15094\" src=\"http:\/\/www.maisbn.com\/portal\/wp-content\/uploads\/2017\/05\/sopaosaobenedito00002.jpg\" alt=\"sopaosaobenedito00002\" width=\"642\" height=\"412\" \/><\/a><\/p>\n<p>A a\u00e7\u00e3o, que est\u00e1 acontecendo todas as ter\u00e7as-feiras, est\u00e1 sendo realizada e coordenada pela Sr\u00aa. N\u00fabia Aberceb e sua equipe e tem o total apoio do vereador. Alfredo comentou com nossa reportagem que est\u00e1 dando apenas uma pequena retribui\u00e7\u00e3o do carinho dos belmontenses. &#8221; Quando eu cheguei aqui essa cidade me abra\u00e7ou, acolheu minha fam\u00edlia e me escolheu para ser um dos seus representantes. Eu devo muito \u00e0 essa popula\u00e7\u00e3o e pretendo trabalhar ininterruptamente n\u00e3o s\u00f3 para dar o alimento, e sim, criar projetos que tragam emprego e renda para que essas pessoas consigam viver com dignidade e conquistando o p\u00e3o de cada dia para se alimentar e alimentar as suas fam\u00edlias.&#8221; &#8211; Comentou o vereador.<\/p>\n<p><a href=\"http:\/\/www.maisbn.com\/portal\/wp-content\/uploads\/2017\/05\/sopaosaobenedito00003.jpg\"><img loading=\"lazy\" decoding=\"async\" class=\"aligncenter size-full wp-image-15095\" src=\"http:\/\/www.maisbn.com\/portal\/wp-content\/uploads\/2017\/05\/sopaosaobenedito00003.jpg\" alt=\"sopaosaobenedito00003\" width=\"642\" height=\"412\" \/><\/a><\/p>\n<p>A sopa \u00e9 confeccionada e distribu\u00edda pela Sr\u00aa Nubia Aberceb e tem como principal apoiador o A\u00e7ougue do Deco. O Vereador Alfredo informou mais uma vez que est\u00e1 aberto para firmar mais parcerias no intuito de ampliar essa boa a\u00e7\u00e3o e atender ainda mais fam\u00edlias carentes no munic\u00edpio. \u201cSe queremos um mundo melhor temos que fazer a nossa parte e olhar para o pr\u00f3ximo.\u201d \u2013 Finalizou Alfredo em conversa com nossa equipe.<\/p>\n<p>&nbsp;<\/p>\n","protected":false},"excerpt":{"rendered":"<p>Nessa ter\u00e7a-feira (30\/05) aconteceu mais uma edi\u00e7\u00e3o do projeto social do Vereador Alfredo Aberceb e N\u00fabia Aberceb, sua esposa, nos Bairros Bom Jardim e S\u00e3o Benedito. Estamos falando da distribui\u00e7\u00e3o do sop\u00e3o onde s\u00e3o atendidas diversas fam\u00edlias carentes com crian\u00e7as em situa\u00e7\u00e3o de risco social. A a\u00e7\u00e3o, que est\u00e1 acontecendo todas as ter\u00e7as-feiras, est\u00e1 sendo [&hellip;]<\/p>\n","protected":false},"author":7,"featured_media":15094,"comment_status":"open","ping_status":"open","sticky":false,"template":"","format":"standard","meta":{"footnotes":""},"categories":[45,1],"tags":[108],"class_list":["post-15093","post","type-post","status-publish","format-standard","has-post-thumbnail","hentry","category-cidades","category-noticias","tag-belmonte"],"_links":{"self":[{"href":"https:\/\/www.maisbn.com\/portal\/wp-json\/wp\/v2\/posts\/15093","targetHints":{"allow":["GET"]}}],"collection":[{"href":"https:\/\/www.maisbn.com\/portal\/wp-json\/wp\/v2\/posts"}],"about":[{"href":"https:\/\/www.maisbn.com\/portal\/wp-json\/wp\/v2\/types\/post"}],"author":[{"embeddable":true,"href":"https:\/\/www.maisbn.com\/portal\/wp-json\/wp\/v2\/users\/7"}],"replies":[{"embeddable":true,"href":"https:\/\/www.maisbn.com\/portal\/wp-json\/wp\/v2\/comments?post=15093"}],"version-history":[{"count":2,"href":"https:\/\/www.maisbn.com\/portal\/wp-json\/wp\/v2\/posts\/15093\/revisions"}],"predecessor-version":[{"id":15100,"href":"https:\/\/www.maisbn.com\/portal\/wp-json\/wp\/v2\/posts\/15093\/revisions\/15100"}],"wp:featuredmedia":[{"embeddable":true,"href":"https:\/\/www.maisbn.com\/portal\/wp-json\/wp\/v2\/media\/15094"}],"wp:attachment":[{"href":"https:\/\/www.maisbn.com\/portal\/wp-json\/wp\/v2\/media?parent=15093"}],"wp:term":[{"taxonomy":"category","embeddable":true,"href":"https:\/\/www.maisbn.com\/portal\/wp-json\/wp\/v2\/categories?post=15093"},{"taxonomy":"post_tag","embeddable":true,"href":"https:\/\/www.maisbn.com\/portal\/wp-json\/wp\/v2\/tags?post=15093"}],"curies":[{"name":"wp","href":"https:\/\/api.w.org\/{rel}","templated":true}]}}