{"id":15084,"date":"2017-05-30T20:30:50","date_gmt":"2017-05-30T23:30:50","guid":{"rendered":"http:\/\/www.maisbn.com\/portal\/?p=15084"},"modified":"2017-05-30T20:33:22","modified_gmt":"2017-05-30T23:33:22","slug":"educadores-rurais-de-belmonte-participam-do-programa-despertar-desenvolvido-pelo-senar-bahia","status":"publish","type":"post","link":"https:\/\/www.maisbn.com\/portal\/2017\/05\/educadores-rurais-de-belmonte-participam-do-programa-despertar-desenvolvido-pelo-senar-bahia\/","title":{"rendered":"Educadores Rurais de Belmonte participam do Programa Despertar desenvolvido pelo SENAR-BAHIA."},"content":{"rendered":"<p>Aconteceu no \u00faltimo dia 24\/05 o Encontro de Forma\u00e7\u00e3o Municipal do PROGRAMA DESPERTAR-SENAR com Professores e Gestores da Educa\u00e7\u00e3o do Campo. O encontro, que foi realizado pelo SENAR-BAHIA, contou com o apoio da Prefeitura Municipal de Belmonte, atrav\u00e9s da Secretaria Municipal de Educa\u00e7\u00e3o e do Sindicato dos Produtores Rurais.<\/p>\n<p><a href=\"http:\/\/www.maisbn.com\/portal\/wp-content\/uploads\/2017\/05\/Programadespertar00001.jpg\"><img loading=\"lazy\" decoding=\"async\" class=\"aligncenter size-full wp-image-15087\" src=\"http:\/\/www.maisbn.com\/portal\/wp-content\/uploads\/2017\/05\/Programadespertar00001.jpg\" alt=\"Programadespertar00001\" width=\"642\" height=\"412\" \/><\/a><\/p>\n<p>O objetivo do PROGRAMA DESPERTAR \u00e9 treinar educadores da \u00e1rea rural para que eles, junto com os alunos, a comunidade local e parceiros, analisem os problemas socioambientais locais, para que juntos, possam buscar solu\u00e7\u00f5es. O cerne do PROGRAMA DESPERTAR \u00e9 formar jovens com consci\u00eancia social e ambiental que tenham condi\u00e7\u00f5es de criar meios de desenvolvimento respeitando e protegendo o meio ambiente.<\/p>\n<p><a href=\"http:\/\/www.maisbn.com\/portal\/wp-content\/uploads\/2017\/05\/Programadespertar00011.jpg\"><img loading=\"lazy\" decoding=\"async\" class=\"aligncenter size-full wp-image-15088\" src=\"http:\/\/www.maisbn.com\/portal\/wp-content\/uploads\/2017\/05\/Programadespertar00011.jpg\" alt=\"Programadespertar00011\" width=\"642\" height=\"412\" \/><\/a><\/p>\n<p>O Encontro aconteceu na sede da C\u00e2mara de Vereadores de Belmonte e contou com a participa\u00e7\u00e3o dos educadores das escolas rurais de Belmonte, Santa Maria Eterna, Boca do C\u00f3rrego e Barrol\u00e2ndia. O treinamento foi coordenado pelo Sr. Manoel Neto, Consultor da Lotus Consultoria e Amanda Bastos, Analista do SENAR. Ainda tivemos a participa\u00e7\u00e3o da Senhora Gabriela Paternostro (Diretora Pedag\u00f3gica do Munic\u00edpio) e do Sr. Marcos Paulo (Coordenador Municipal da Educa\u00e7\u00e3o no Campo e do Programa Despertar). Estiveram presentes tamb\u00e9m o Sr. Francisco (Secret\u00e1rio Municipal de Agricultura) e o Sr. Waldenir (Presidente do Sindicato Rural de Belmonte).<\/p>\n<p><a href=\"http:\/\/www.maisbn.com\/portal\/wp-content\/uploads\/2017\/05\/mosaico_programadespertar.jpg\"><img loading=\"lazy\" decoding=\"async\" class=\"aligncenter size-full wp-image-15089\" src=\"http:\/\/www.maisbn.com\/portal\/wp-content\/uploads\/2017\/05\/mosaico_programadespertar.jpg\" alt=\"mosaico_programadespertar\" width=\"700\" height=\"450\" \/><\/a><\/p>\n<p>Ao final da reuni\u00e3o O Sr. Marcos Paulo comentou com nossa equipe que aposta no sucesso do programa e que est\u00e1 sendo plantada uma das primeiras sementes para o desenvolvimento sustent\u00e1vel do munic\u00edpio de Belmonte. &#8220;O nosso objetivo \u00e9, n\u00e3o s\u00f3 criar grupos que pensem em solu\u00e7\u00f5es para essa comunidade, e sim, criar jovens conscientes do seu trabalho e dispostos a contribuir com o bem estar de todos.&#8221; &#8211; Comentou o Coordenador que ainda agradeceu o apoio do Presidente da C\u00e2mara de Vereadores Aelson Matos (Calango) que esteve presente, cedeu o espa\u00e7o e se colocou \u00e0 disposi\u00e7\u00e3o para ajudar essa importante iniciativa do PROGRAMA DESPERTAR.<\/p>\n<p>&nbsp;<\/p>\n","protected":false},"excerpt":{"rendered":"<p>Aconteceu no \u00faltimo dia 24\/05 o Encontro de Forma\u00e7\u00e3o Municipal do PROGRAMA DESPERTAR-SENAR com Professores e Gestores da Educa\u00e7\u00e3o do Campo. O encontro, que foi realizado pelo SENAR-BAHIA, contou com o apoio da Prefeitura Municipal de Belmonte, atrav\u00e9s da Secretaria Municipal de Educa\u00e7\u00e3o e do Sindicato dos Produtores Rurais. O objetivo do PROGRAMA DESPERTAR \u00e9 [&hellip;]<\/p>\n","protected":false},"author":7,"featured_media":15087,"comment_status":"open","ping_status":"open","sticky":false,"template":"","format":"standard","meta":{"footnotes":""},"categories":[8,1],"tags":[108],"class_list":["post-15084","post","type-post","status-publish","format-standard","has-post-thumbnail","hentry","category-educacao","category-noticias","tag-belmonte"],"_links":{"self":[{"href":"https:\/\/www.maisbn.com\/portal\/wp-json\/wp\/v2\/posts\/15084","targetHints":{"allow":["GET"]}}],"collection":[{"href":"https:\/\/www.maisbn.com\/portal\/wp-json\/wp\/v2\/posts"}],"about":[{"href":"https:\/\/www.maisbn.com\/portal\/wp-json\/wp\/v2\/types\/post"}],"author":[{"embeddable":true,"href":"https:\/\/www.maisbn.com\/portal\/wp-json\/wp\/v2\/users\/7"}],"replies":[{"embeddable":true,"href":"https:\/\/www.maisbn.com\/portal\/wp-json\/wp\/v2\/comments?post=15084"}],"version-history":[{"count":4,"href":"https:\/\/www.maisbn.com\/portal\/wp-json\/wp\/v2\/posts\/15084\/revisions"}],"predecessor-version":[{"id":15091,"href":"https:\/\/www.maisbn.com\/portal\/wp-json\/wp\/v2\/posts\/15084\/revisions\/15091"}],"wp:featuredmedia":[{"embeddable":true,"href":"https:\/\/www.maisbn.com\/portal\/wp-json\/wp\/v2\/media\/15087"}],"wp:attachment":[{"href":"https:\/\/www.maisbn.com\/portal\/wp-json\/wp\/v2\/media?parent=15084"}],"wp:term":[{"taxonomy":"category","embeddable":true,"href":"https:\/\/www.maisbn.com\/portal\/wp-json\/wp\/v2\/categories?post=15084"},{"taxonomy":"post_tag","embeddable":true,"href":"https:\/\/www.maisbn.com\/portal\/wp-json\/wp\/v2\/tags?post=15084"}],"curies":[{"name":"wp","href":"https:\/\/api.w.org\/{rel}","templated":true}]}}