{"id":1507,"date":"2012-10-12T11:04:52","date_gmt":"2012-10-12T14:04:52","guid":{"rendered":"http:\/\/www.maisbn.com\/portal\/?p=1507"},"modified":"2012-10-12T11:04:52","modified_gmt":"2012-10-12T14:04:52","slug":"governador-anuncia-que-a-bahia-esta-fora-do-horario-de-verao","status":"publish","type":"post","link":"https:\/\/www.maisbn.com\/portal\/2012\/10\/governador-anuncia-que-a-bahia-esta-fora-do-horario-de-verao\/","title":{"rendered":"Governador anuncia que a Bahia est\u00e1 fora do Hor\u00e1rio de Ver\u00e3o"},"content":{"rendered":"<p>O governador Jaques Wagner anunciou, nesta quinta-feira (11), que a Bahia ficar\u00e1 fora do Hor\u00e1rio de Ver\u00e3o 2012\/2013, que come\u00e7a a partir do dia 21 deste m\u00eas. Ele afirmou que a decis\u00e3o foi tomada ap\u00f3s receber os resultados de uma pesquisa encomendada junto \u00e0 popula\u00e7\u00e3o, que indicou que 75% das pessoas s\u00e3o contra a ado\u00e7\u00e3o do hor\u00e1rio antecipado. Al\u00e9m disso, o governador recebeu, quarta-feira passada (10), em seu gabinete, representantes das seis maiores centrais sindicais do pa\u00eds, que pediram a sa\u00edda do estado do Hor\u00e1rio de Ver\u00e3o. Os sindicalistas argumentaram que o hor\u00e1rio \u00e9 prejudicial aos trabalhadores, que t\u00eam de acordar na madrugada, quando ainda \u00e9 noite, para chegar ao trabalho, tornando a jornada mais cansativa e, portanto, mais propensa a acidentes de trabalho.<\/p>\n<p>&nbsp;<\/p>\n<address>Fonte: Radar64<\/address>\n","protected":false},"excerpt":{"rendered":"<p>O governador Jaques Wagner anunciou, nesta quinta-feira (11), que a Bahia ficar\u00e1 fora do Hor\u00e1rio de Ver\u00e3o 2012\/2013, que come\u00e7a a partir do dia 21 deste m\u00eas. Ele afirmou que a decis\u00e3o foi tomada ap\u00f3s receber os resultados de uma pesquisa encomendada junto \u00e0 popula\u00e7\u00e3o, que indicou que 75% das pessoas s\u00e3o contra a ado\u00e7\u00e3o [&hellip;]<\/p>\n","protected":false},"author":1,"featured_media":0,"comment_status":"closed","ping_status":"open","sticky":false,"template":"","format":"standard","meta":{"footnotes":""},"categories":[20,1],"tags":[628,240],"class_list":["post-1507","post","type-post","status-publish","format-standard","hentry","category-bahia","category-noticias","tag-bahia","tag-horario-de-verao"],"_links":{"self":[{"href":"https:\/\/www.maisbn.com\/portal\/wp-json\/wp\/v2\/posts\/1507","targetHints":{"allow":["GET"]}}],"collection":[{"href":"https:\/\/www.maisbn.com\/portal\/wp-json\/wp\/v2\/posts"}],"about":[{"href":"https:\/\/www.maisbn.com\/portal\/wp-json\/wp\/v2\/types\/post"}],"author":[{"embeddable":true,"href":"https:\/\/www.maisbn.com\/portal\/wp-json\/wp\/v2\/users\/1"}],"replies":[{"embeddable":true,"href":"https:\/\/www.maisbn.com\/portal\/wp-json\/wp\/v2\/comments?post=1507"}],"version-history":[{"count":0,"href":"https:\/\/www.maisbn.com\/portal\/wp-json\/wp\/v2\/posts\/1507\/revisions"}],"wp:attachment":[{"href":"https:\/\/www.maisbn.com\/portal\/wp-json\/wp\/v2\/media?parent=1507"}],"wp:term":[{"taxonomy":"category","embeddable":true,"href":"https:\/\/www.maisbn.com\/portal\/wp-json\/wp\/v2\/categories?post=1507"},{"taxonomy":"post_tag","embeddable":true,"href":"https:\/\/www.maisbn.com\/portal\/wp-json\/wp\/v2\/tags?post=1507"}],"curies":[{"name":"wp","href":"https:\/\/api.w.org\/{rel}","templated":true}]}}