{"id":15069,"date":"2017-05-26T11:39:45","date_gmt":"2017-05-26T14:39:45","guid":{"rendered":"http:\/\/www.maisbn.com\/portal\/?p=15069"},"modified":"2017-05-26T11:39:45","modified_gmt":"2017-05-26T14:39:45","slug":"cadaver-e-encontrado-na-praia-do-norte-em-belmonte-com-varios-furos-na-cabeca","status":"publish","type":"post","link":"https:\/\/www.maisbn.com\/portal\/2017\/05\/cadaver-e-encontrado-na-praia-do-norte-em-belmonte-com-varios-furos-na-cabeca\/","title":{"rendered":"Cad\u00e1ver \u00e9 encontrado na Praia do Norte em Belmonte com v\u00e1rios furos na cabe\u00e7a."},"content":{"rendered":"<p><a href=\"http:\/\/www.maisbn.com\/portal\/wp-content\/uploads\/2017\/05\/corpo_praia_do_norte00001.jpg\"><img loading=\"lazy\" decoding=\"async\" class=\"size-full wp-image-15070 aligncenter\" src=\"http:\/\/www.maisbn.com\/portal\/wp-content\/uploads\/2017\/05\/corpo_praia_do_norte00001.jpg\" alt=\"corpo_praia_do_norte00001\" width=\"642\" height=\"412\" \/><\/a><\/p>\n<p>Um cad\u00e1ver foi encontrado na manh\u00e3 dessa sexta-feira (26\/05) na Praia do Norte, no munic\u00edpio de Belmonte. Segundo informa\u00e7\u00f5es, o corpo ainda n\u00e3o foi reconhecido, mas desconfia-se que o mesmo tenha sofrido um assassinato porque estava com v\u00e1rios cortes na cabe\u00e7a.<\/p>\n<p>O Instituto M\u00e9dico Legal e a Pol\u00edcia Civil est\u00e3o no local para fazer o levantamento cadav\u00e9rico e o corpo ser\u00e1 removido para Porto Seguro onde passar\u00e1 por aut\u00f3psia, ser\u00e1 reconhecido pela fam\u00edlia e depois liberado para posterior sepultamento.<\/p>\n","protected":false},"excerpt":{"rendered":"<p>Um cad\u00e1ver foi encontrado na manh\u00e3 dessa sexta-feira (26\/05) na Praia do Norte, no munic\u00edpio de Belmonte. Segundo informa\u00e7\u00f5es, o corpo ainda n\u00e3o foi reconhecido, mas desconfia-se que o mesmo tenha sofrido um assassinato porque estava com v\u00e1rios cortes na cabe\u00e7a. O Instituto M\u00e9dico Legal e a Pol\u00edcia Civil est\u00e3o no local para fazer o [&hellip;]<\/p>\n","protected":false},"author":7,"featured_media":15070,"comment_status":"open","ping_status":"open","sticky":false,"template":"","format":"standard","meta":{"footnotes":""},"categories":[1,16],"tags":[108],"class_list":["post-15069","post","type-post","status-publish","format-standard","has-post-thumbnail","hentry","category-noticias","category-policial","tag-belmonte"],"_links":{"self":[{"href":"https:\/\/www.maisbn.com\/portal\/wp-json\/wp\/v2\/posts\/15069","targetHints":{"allow":["GET"]}}],"collection":[{"href":"https:\/\/www.maisbn.com\/portal\/wp-json\/wp\/v2\/posts"}],"about":[{"href":"https:\/\/www.maisbn.com\/portal\/wp-json\/wp\/v2\/types\/post"}],"author":[{"embeddable":true,"href":"https:\/\/www.maisbn.com\/portal\/wp-json\/wp\/v2\/users\/7"}],"replies":[{"embeddable":true,"href":"https:\/\/www.maisbn.com\/portal\/wp-json\/wp\/v2\/comments?post=15069"}],"version-history":[{"count":1,"href":"https:\/\/www.maisbn.com\/portal\/wp-json\/wp\/v2\/posts\/15069\/revisions"}],"predecessor-version":[{"id":15071,"href":"https:\/\/www.maisbn.com\/portal\/wp-json\/wp\/v2\/posts\/15069\/revisions\/15071"}],"wp:featuredmedia":[{"embeddable":true,"href":"https:\/\/www.maisbn.com\/portal\/wp-json\/wp\/v2\/media\/15070"}],"wp:attachment":[{"href":"https:\/\/www.maisbn.com\/portal\/wp-json\/wp\/v2\/media?parent=15069"}],"wp:term":[{"taxonomy":"category","embeddable":true,"href":"https:\/\/www.maisbn.com\/portal\/wp-json\/wp\/v2\/categories?post=15069"},{"taxonomy":"post_tag","embeddable":true,"href":"https:\/\/www.maisbn.com\/portal\/wp-json\/wp\/v2\/tags?post=15069"}],"curies":[{"name":"wp","href":"https:\/\/api.w.org\/{rel}","templated":true}]}}