{"id":15052,"date":"2017-05-25T09:25:16","date_gmt":"2017-05-25T12:25:16","guid":{"rendered":"http:\/\/www.maisbn.com\/portal\/?p=15052"},"modified":"2017-05-25T09:25:16","modified_gmt":"2017-05-25T12:25:16","slug":"moradores-acusam-que-aumento-da-balsa-de-cabralia-e-baseado-em-informacoes-erradas","status":"publish","type":"post","link":"https:\/\/www.maisbn.com\/portal\/2017\/05\/moradores-acusam-que-aumento-da-balsa-de-cabralia-e-baseado-em-informacoes-erradas\/","title":{"rendered":"Moradores acusam que aumento da Balsa de Cabr\u00e1lia \u00e9 baseado em informa\u00e7\u00f5es erradas."},"content":{"rendered":"<p><a href=\"http:\/\/www.maisbn.com\/portal\/wp-content\/uploads\/2017\/05\/balsa-cabralia-e1495421595205.jpeg\"><img loading=\"lazy\" decoding=\"async\" class=\"aligncenter size-full wp-image-15000\" src=\"http:\/\/www.maisbn.com\/portal\/wp-content\/uploads\/2017\/05\/balsa-cabralia-e1495421595205.jpeg\" alt=\"balsa-cabralia\" width=\"700\" height=\"389\" \/><\/a><\/p>\n<p>Um grupo de lideran\u00e7as dos povoados de Santo Andr\u00e9, Santo Antonio e Guaiu pediram uma audi\u00eancia com o Prefeito Agnelo J\u00fanior, de Santa Cruz Cabr\u00e1lia, para tratar do aumento da Balsa que faz a travessia do Rio Jo\u00e3o de Tiba. Os moradores acusam que foram pegos de surpresa e que n\u00e3o concordam com o reajuste proposto pela empresa e aceito pelo gestor atrav\u00e9s de decreto. Segundo essas lideran\u00e7as, o Prefeito Agnelo J\u00fanior ainda n\u00e3o respondeu \u00e0 solicita\u00e7\u00e3o.<\/p>\n<p>Os moradores reclamam que a C\u00e2mara de Vereadores e a popula\u00e7\u00e3o que depende do servi\u00e7o n\u00e3o foram ouvidos. Os mesmos ainda acusam que o Procurador do Munic\u00edpio, Dr Loredano J\u00fanior, foi consultado quanto a legalidade do aumento e deu um parecer com base em informa\u00e7\u00f5es erradas apresentadas pela pr\u00f3pria empresa de que o \u00faltimo reajuste aconteceu em fevereiro de 2013, atrav\u00e9s do decreto 440\/2013, da \u00e9poca do Prefeito Jorge Pontes. A verdade, segundo o grupo de lideran\u00e7as, \u00e9 que em 25 de outubro de 2015, h\u00e1 menos de dois anos, ocorreu um aumento de 20% conforme consta na tabela afixada nos pontos de venda das passagens. A justificativa desse aumento foi que o \u00faltimo reajuste foi em 2013 e apresenta o mesmo decreto da \u00e9poca do Prefeito Jorge Pontes. &#8220;A empresa da balsa est\u00e1 apresentando informa\u00e7\u00f5es erradas para conseguir o aumento da passagem &#8220;na tora&#8221; isso n\u00e3o pode acontecer. Temos um servi\u00e7o p\u00e9ssimo, temos hor\u00e1rios inapropriados \u00e0 noite e n\u00e3o justifica esse reajuste, j\u00e1 que, essa empresa n\u00e3o traz nenhuma melhoria para a comunidade.&#8221; &#8211; Comentou um dos representantes.<\/p>\n<p>Enquanto a reuni\u00e3o entre prefeito e representantes dos moradores n\u00e3o acontece, o reajuste de 30% no pre\u00e7o das passagens segue valendo a partir do dia 01 de junho. Com os novos valores, a travessia para carro sobe de R$ 13,20 para R$ 17,00. Passageiro de R$ 1,20 para R$ 1,50 e bicicletas para R$ 3,00.<\/p>\n","protected":false},"excerpt":{"rendered":"<p>Um grupo de lideran\u00e7as dos povoados de Santo Andr\u00e9, Santo Antonio e Guaiu pediram uma audi\u00eancia com o Prefeito Agnelo J\u00fanior, de Santa Cruz Cabr\u00e1lia, para tratar do aumento da Balsa que faz a travessia do Rio Jo\u00e3o de Tiba. Os moradores acusam que foram pegos de surpresa e que n\u00e3o concordam com o reajuste [&hellip;]<\/p>\n","protected":false},"author":7,"featured_media":15000,"comment_status":"open","ping_status":"open","sticky":false,"template":"","format":"standard","meta":{"footnotes":""},"categories":[45,1],"tags":[108],"class_list":["post-15052","post","type-post","status-publish","format-standard","has-post-thumbnail","hentry","category-cidades","category-noticias","tag-belmonte"],"_links":{"self":[{"href":"https:\/\/www.maisbn.com\/portal\/wp-json\/wp\/v2\/posts\/15052","targetHints":{"allow":["GET"]}}],"collection":[{"href":"https:\/\/www.maisbn.com\/portal\/wp-json\/wp\/v2\/posts"}],"about":[{"href":"https:\/\/www.maisbn.com\/portal\/wp-json\/wp\/v2\/types\/post"}],"author":[{"embeddable":true,"href":"https:\/\/www.maisbn.com\/portal\/wp-json\/wp\/v2\/users\/7"}],"replies":[{"embeddable":true,"href":"https:\/\/www.maisbn.com\/portal\/wp-json\/wp\/v2\/comments?post=15052"}],"version-history":[{"count":1,"href":"https:\/\/www.maisbn.com\/portal\/wp-json\/wp\/v2\/posts\/15052\/revisions"}],"predecessor-version":[{"id":15053,"href":"https:\/\/www.maisbn.com\/portal\/wp-json\/wp\/v2\/posts\/15052\/revisions\/15053"}],"wp:featuredmedia":[{"embeddable":true,"href":"https:\/\/www.maisbn.com\/portal\/wp-json\/wp\/v2\/media\/15000"}],"wp:attachment":[{"href":"https:\/\/www.maisbn.com\/portal\/wp-json\/wp\/v2\/media?parent=15052"}],"wp:term":[{"taxonomy":"category","embeddable":true,"href":"https:\/\/www.maisbn.com\/portal\/wp-json\/wp\/v2\/categories?post=15052"},{"taxonomy":"post_tag","embeddable":true,"href":"https:\/\/www.maisbn.com\/portal\/wp-json\/wp\/v2\/tags?post=15052"}],"curies":[{"name":"wp","href":"https:\/\/api.w.org\/{rel}","templated":true}]}}