{"id":15016,"date":"2017-05-22T18:08:50","date_gmt":"2017-05-22T21:08:50","guid":{"rendered":"http:\/\/www.maisbn.com\/portal\/?p=15016"},"modified":"2017-05-22T18:21:02","modified_gmt":"2017-05-22T21:21:02","slug":"prefeito-janival-e-comando-da-policia-militar-discutem-a-construcao-da-nova-sede-do-policiamento","status":"publish","type":"post","link":"https:\/\/www.maisbn.com\/portal\/2017\/05\/prefeito-janival-e-comando-da-policia-militar-discutem-a-construcao-da-nova-sede-do-policiamento\/","title":{"rendered":"Prefeito Janival e comando da Pol\u00edcia Militar discutem a constru\u00e7\u00e3o da nova sede do policiamento."},"content":{"rendered":"<p>O Prefeito Janival Borges recebeu na manh\u00e3 dessa segunda-feira (22\/05) o Coronel Teixeira, Comandante do Policiamento Regional Sul, que veio acompanhado do Major Fran\u00e7a (Comandante do 8\u00ba Batalh\u00e3o), Capit\u00e3o Uendel e Tenente Lago, comandante e subcomandante da 5\u00aa Companhia de Policia Militar de Belmonte, respectivamente.<\/p>\n<p><a href=\"http:\/\/www.maisbn.com\/portal\/wp-content\/uploads\/2017\/05\/visita_nova_companhia200001.jpg\"><img loading=\"lazy\" decoding=\"async\" class=\"aligncenter size-full wp-image-15022\" src=\"http:\/\/www.maisbn.com\/portal\/wp-content\/uploads\/2017\/05\/visita_nova_companhia200001.jpg\" alt=\"visita_nova_companhia200001\" width=\"642\" height=\"412\" \/><\/a><\/p>\n<p>&nbsp;<\/p>\n<p>Atendendo a um pleito do Deputado Estadual J\u00e2nio Natal, os oficiais vieram para discutir o projeto de constru\u00e7\u00e3o da sede da Pol\u00edcia Militar de Belmonte. O objetivo do Prefeito Janival Borges \u00e9 atuar na busca de melhores condi\u00e7\u00f5es de seguran\u00e7a para a popula\u00e7\u00e3o e ao mesmo tempo promover um melhor conforto para o efetivo de servi\u00e7o. O gestor belmontense ainda aproveitou a oportunidade para solicitar o aumento do efetivo de policiais, principalmente nas localidades de Barrol\u00e2ndia, Santa Maria Eterna e Boca do C\u00f3rrego. &#8220;Eu e o Deputado Estadual J\u00e2nio Natal reconhecemos que o efetivo da cidade de Belmonte \u00e9 muito pequeno e que os nossos policiais fazem milagre. Diante dessa realidade queremos proporcionar uma estrutura de qualidade para os nossos guerreiros e apoia-los na luta contra a criminalidade.&#8221; &#8211; Comentou Janival.<\/p>\n<p><a href=\"http:\/\/www.maisbn.com\/portal\/wp-content\/uploads\/2017\/05\/visita_nova_companhia00002.jpg\"><img loading=\"lazy\" decoding=\"async\" class=\"aligncenter wp-image-15020 size-full\" src=\"http:\/\/www.maisbn.com\/portal\/wp-content\/uploads\/2017\/05\/visita_nova_companhia00002.jpg\" alt=\"\" width=\"642\" height=\"412\" \/><\/a><\/p>\n<p>Os oficiais tamb\u00e9m visitaram a Delegacia Territorial de Belmonte onde foram recebidos pelo Vereador, Vice-presidente da C\u00e2mara de Vereadores e Chefe do Setor de Investiga\u00e7\u00e3o Alfredo Aberceb. O Vereador representou o Delegado Dr. Uendel que n\u00e3o estava na cidade e ressaltou que estava muito feliz com a visita. &#8220;Eu estou do lado da seguran\u00e7a p\u00fablica de Belmonte e vejo que as minhas cobran\u00e7as na Tribuna do Legislativo est\u00e3o sendo atendidas. Quero agradecer \u00e0 sensibilidade do Prefeito Janival e dos ilustres oficiais por estarem olhando para os nossos policiais e valorizando o trabalho deles. Quem ganha com isso \u00e9 Belmonte que ir\u00e1 contar com policiais mais motivados para o servi\u00e7o.&#8221; &#8211; Finalizou o vereador.<\/p>\n<p><a href=\"http:\/\/www.maisbn.com\/portal\/wp-content\/uploads\/2017\/05\/visita_nova_companhia00003.jpg\"><img loading=\"lazy\" decoding=\"async\" class=\"aligncenter size-full wp-image-15019\" src=\"http:\/\/www.maisbn.com\/portal\/wp-content\/uploads\/2017\/05\/visita_nova_companhia00003.jpg\" alt=\"visita_nova_companhia00003\" width=\"642\" height=\"412\" \/><\/a><\/p>\n<p>A comitiva ainda fez um tour pela cidade onde o Coronel Teixeira fez muitos elogios a Belmonte e prometeu retornar outras vezes para usufruir por mais tempo das belezas naturais e da saborosa culin\u00e1ria da cidade. O mesmo ainda comentou que ouviu as solicita\u00e7\u00f5es do Prefeito Janival e do Deputado J\u00e2nio Natal e que ir\u00e1 se esfor\u00e7ar para atender as demandas apresentadas. O Deputado Estadual J\u00e2nio Natal informou que n\u00e3o p\u00f4de estar presente, mas assegurou que continua acompanhando o processo e buscando uma melhor seguran\u00e7a para a popula\u00e7\u00e3o belmontense.<\/p>\n","protected":false},"excerpt":{"rendered":"<p>O Prefeito Janival Borges recebeu na manh\u00e3 dessa segunda-feira (22\/05) o Coronel Teixeira, Comandante do Policiamento Regional Sul, que veio acompanhado do Major Fran\u00e7a (Comandante do 8\u00ba Batalh\u00e3o), Capit\u00e3o Uendel e Tenente Lago, comandante e subcomandante da 5\u00aa Companhia de Policia Militar de Belmonte, respectivamente. &nbsp; Atendendo a um pleito do Deputado Estadual J\u00e2nio Natal, [&hellip;]<\/p>\n","protected":false},"author":7,"featured_media":15021,"comment_status":"open","ping_status":"open","sticky":false,"template":"","format":"standard","meta":{"footnotes":""},"categories":[1,16],"tags":[108],"class_list":["post-15016","post","type-post","status-publish","format-standard","has-post-thumbnail","hentry","category-noticias","category-policial","tag-belmonte"],"_links":{"self":[{"href":"https:\/\/www.maisbn.com\/portal\/wp-json\/wp\/v2\/posts\/15016","targetHints":{"allow":["GET"]}}],"collection":[{"href":"https:\/\/www.maisbn.com\/portal\/wp-json\/wp\/v2\/posts"}],"about":[{"href":"https:\/\/www.maisbn.com\/portal\/wp-json\/wp\/v2\/types\/post"}],"author":[{"embeddable":true,"href":"https:\/\/www.maisbn.com\/portal\/wp-json\/wp\/v2\/users\/7"}],"replies":[{"embeddable":true,"href":"https:\/\/www.maisbn.com\/portal\/wp-json\/wp\/v2\/comments?post=15016"}],"version-history":[{"count":1,"href":"https:\/\/www.maisbn.com\/portal\/wp-json\/wp\/v2\/posts\/15016\/revisions"}],"predecessor-version":[{"id":15023,"href":"https:\/\/www.maisbn.com\/portal\/wp-json\/wp\/v2\/posts\/15016\/revisions\/15023"}],"wp:featuredmedia":[{"embeddable":true,"href":"https:\/\/www.maisbn.com\/portal\/wp-json\/wp\/v2\/media\/15021"}],"wp:attachment":[{"href":"https:\/\/www.maisbn.com\/portal\/wp-json\/wp\/v2\/media?parent=15016"}],"wp:term":[{"taxonomy":"category","embeddable":true,"href":"https:\/\/www.maisbn.com\/portal\/wp-json\/wp\/v2\/categories?post=15016"},{"taxonomy":"post_tag","embeddable":true,"href":"https:\/\/www.maisbn.com\/portal\/wp-json\/wp\/v2\/tags?post=15016"}],"curies":[{"name":"wp","href":"https:\/\/api.w.org\/{rel}","templated":true}]}}