{"id":14971,"date":"2017-05-19T08:20:46","date_gmt":"2017-05-19T11:20:46","guid":{"rendered":"http:\/\/www.maisbn.com\/portal\/?p=14971"},"modified":"2017-05-19T08:20:46","modified_gmt":"2017-05-19T11:20:46","slug":"parceria-entre-sesai-e-prefeitura-de-belmonte-trara-beneficios-para-a-populacao-indigena","status":"publish","type":"post","link":"https:\/\/www.maisbn.com\/portal\/2017\/05\/parceria-entre-sesai-e-prefeitura-de-belmonte-trara-beneficios-para-a-populacao-indigena\/","title":{"rendered":"Parceria entre SESAI e Prefeitura de Belmonte trar\u00e1 benef\u00edcios para a popula\u00e7\u00e3o ind\u00edgena."},"content":{"rendered":"<p><a href=\"http:\/\/www.maisbn.com\/portal\/wp-content\/uploads\/2017\/05\/WhatsApp-Image-2017-05-18-at-12.07.17.jpeg\"><img loading=\"lazy\" decoding=\"async\" class=\"aligncenter  wp-image-14972\" src=\"http:\/\/www.maisbn.com\/portal\/wp-content\/uploads\/2017\/05\/WhatsApp-Image-2017-05-18-at-12.07.17-900x900.jpeg\" alt=\"WhatsApp Image 2017-05-18 at 12.07.17\" width=\"617\" height=\"617\" srcset=\"https:\/\/www.maisbn.com\/portal\/wp-content\/uploads\/2017\/05\/WhatsApp-Image-2017-05-18-at-12.07.17-900x900.jpeg 900w, https:\/\/www.maisbn.com\/portal\/wp-content\/uploads\/2017\/05\/WhatsApp-Image-2017-05-18-at-12.07.17.jpeg 1000w\" sizes=\"auto, (max-width: 617px) 100vw, 617px\" \/><\/a><\/p>\n<p>Aconteceu nessa quinta-feira (18\/05) uma reuni\u00e3o entre o Secret\u00e1rio Municipal de Sa\u00fade de Belmonte T\u00e1rcio Andrade, que estava acompanhado da Subsecret\u00e1ria Val\u00e9ria Carvalho, e a representante da SESAI, a Sr\u00aa Ana Carolina. O objetivo da reuni\u00e3o foi tra\u00e7ar o panorama da atual situa\u00e7\u00e3o da sa\u00fade ind\u00edgena de Belmonte e definir parcerias para a melhoria da assist\u00eancia. &#8220;A sa\u00fade da popula\u00e7\u00e3o ind\u00edgena \u00e9 prioridade, pois se trata de uma popula\u00e7\u00e3o vulner\u00e1vel, que teve seus direitos negados por anos consecutivos. O prefeito Janival deixou muito claro que governa uma Belmonte de todos e que nenhum cidad\u00e3o que estiver sob nossos cuidados deve ficar desassistido&#8221;, declarou o Secret\u00e1rio.<\/p>\n<p>Com essa reuni\u00e3o, os \u00edndios passam a ter acesso garantindo a servi\u00e7os de sa\u00fade na sua pr\u00f3pria aldeia e contar\u00e3o tamb\u00e9m com o atendimento e apoio da Unidade de Sa\u00fade de Boca do C\u00f3rrego. Para Ana Carolina, a reuni\u00e3o trouxe um grande avan\u00e7o e essa abertura com o munic\u00edpio foi um ganho para a comunidade ind\u00edgena de Belmonte.<\/p>\n","protected":false},"excerpt":{"rendered":"<p>Aconteceu nessa quinta-feira (18\/05) uma reuni\u00e3o entre o Secret\u00e1rio Municipal de Sa\u00fade de Belmonte T\u00e1rcio Andrade, que estava acompanhado da Subsecret\u00e1ria Val\u00e9ria Carvalho, e a representante da SESAI, a Sr\u00aa Ana Carolina. O objetivo da reuni\u00e3o foi tra\u00e7ar o panorama da atual situa\u00e7\u00e3o da sa\u00fade ind\u00edgena de Belmonte e definir parcerias para a melhoria da [&hellip;]<\/p>\n","protected":false},"author":7,"featured_media":14972,"comment_status":"open","ping_status":"open","sticky":false,"template":"","format":"standard","meta":{"footnotes":""},"categories":[1,28],"tags":[108],"class_list":["post-14971","post","type-post","status-publish","format-standard","has-post-thumbnail","hentry","category-noticias","category-saude-noticias","tag-belmonte"],"_links":{"self":[{"href":"https:\/\/www.maisbn.com\/portal\/wp-json\/wp\/v2\/posts\/14971","targetHints":{"allow":["GET"]}}],"collection":[{"href":"https:\/\/www.maisbn.com\/portal\/wp-json\/wp\/v2\/posts"}],"about":[{"href":"https:\/\/www.maisbn.com\/portal\/wp-json\/wp\/v2\/types\/post"}],"author":[{"embeddable":true,"href":"https:\/\/www.maisbn.com\/portal\/wp-json\/wp\/v2\/users\/7"}],"replies":[{"embeddable":true,"href":"https:\/\/www.maisbn.com\/portal\/wp-json\/wp\/v2\/comments?post=14971"}],"version-history":[{"count":1,"href":"https:\/\/www.maisbn.com\/portal\/wp-json\/wp\/v2\/posts\/14971\/revisions"}],"predecessor-version":[{"id":14973,"href":"https:\/\/www.maisbn.com\/portal\/wp-json\/wp\/v2\/posts\/14971\/revisions\/14973"}],"wp:featuredmedia":[{"embeddable":true,"href":"https:\/\/www.maisbn.com\/portal\/wp-json\/wp\/v2\/media\/14972"}],"wp:attachment":[{"href":"https:\/\/www.maisbn.com\/portal\/wp-json\/wp\/v2\/media?parent=14971"}],"wp:term":[{"taxonomy":"category","embeddable":true,"href":"https:\/\/www.maisbn.com\/portal\/wp-json\/wp\/v2\/categories?post=14971"},{"taxonomy":"post_tag","embeddable":true,"href":"https:\/\/www.maisbn.com\/portal\/wp-json\/wp\/v2\/tags?post=14971"}],"curies":[{"name":"wp","href":"https:\/\/api.w.org\/{rel}","templated":true}]}}