{"id":14956,"date":"2017-05-18T19:35:50","date_gmt":"2017-05-18T22:35:50","guid":{"rendered":"http:\/\/www.maisbn.com\/portal\/?p=14956"},"modified":"2017-05-18T19:35:50","modified_gmt":"2017-05-18T22:35:50","slug":"veracel-estimula-intercambio-de-experiencia-comunitarias","status":"publish","type":"post","link":"https:\/\/www.maisbn.com\/portal\/2017\/05\/veracel-estimula-intercambio-de-experiencia-comunitarias\/","title":{"rendered":"Veracel estimula interc\u00e2mbio de experi\u00eancia comunit\u00e1rias."},"content":{"rendered":"<p class=\"m_6000259185272382276m_-1338303010031279416MsoNoSpacing\">Com o objetivo de proporcionar a troca de experi\u00eancias e a intera\u00e7\u00e3o entre as comunidades com potencial para desenvolver projetos de agricultura familiar, a Veracel Celulose viabilizou o encontro entre a Associa\u00e7\u00e3o de Pequenos Produtores Rurais de Uni\u00e3o Baiana, distrito de Itagimirim, e as associa\u00e7\u00f5es de Petrol\u00e2ndia e Ponto Central, no \u00faltimo dia 09\/05. \u201cUni\u00e3o Baiana \u00e9 reconhecida por sua vontade de avan\u00e7ar de forma coletiva e tem se destacado no nosso territ\u00f3rio. Essa troca \u00e9 importante para a motiva\u00e7\u00e3o de outras comunidades\u201d, comentou Izabel Bianchi, especialista em Responsabilidade Social da Veracel. Tamb\u00e9m participaram do encontro representantes da Secretaria de Agricultura e Meio Ambiente de Santa Cruz Cabr\u00e1lia, Santa Maria do Salto, Itagimirim e Belmonte.<u><\/u><u><\/u><\/p>\n<p class=\"m_6000259185272382276m_-1338303010031279416MsoNoSpacing\"><a href=\"http:\/\/www.maisbn.com\/portal\/wp-content\/uploads\/2017\/05\/intercambio_veracel00002.jpg\"><img loading=\"lazy\" decoding=\"async\" class=\"aligncenter size-full wp-image-14958\" src=\"http:\/\/www.maisbn.com\/portal\/wp-content\/uploads\/2017\/05\/intercambio_veracel00002.jpg\" alt=\"intercambio_veracel00002\" width=\"618\" height=\"412\" \/><\/a><\/p>\n<p class=\"m_6000259185272382276m_-1338303010031279416MsoNoSpacing\">Durante o encontro, foi apresentado o projeto Ro\u00e7a do Povo, seus desafios, avan\u00e7os, conquistas e resultados. Os participantes tamb\u00e9m conheceram de perto os processos de produ\u00e7\u00e3o dos derivados da mandioca, as unidades de beneficiamento e armazenamento. \u201cSe isso foi constru\u00eddo aqui, em um lugar t\u00e3o distante e pequeno, com certeza outras comunidades tamb\u00e9m podem fazer o mesmo e at\u00e9 mais\u201d, concluiu Agnevaldo Cardoso Rodrigues, tesoureiro da Associa\u00e7\u00e3o e um dos maiores incentivadores do projeto. \u201cTudo isso vai ajudar o nosso munic\u00edpio\u201d, disse o secret\u00e1rio de Meio Ambiente e Agricultura de Santa Cruz Cabr\u00e1lia, Euclides Sena, ao final da reuni\u00e3o. Segundo ele, h\u00e1 muito tempo n\u00e3o vivenciava um aprendizado t\u00e3o importante. O Secret\u00e1rio de Agricultura de Itagimirim, <span lang=\"EN\">Thiago Mota<\/span>, ressaltou o compromisso do munic\u00edpio em dar suporte necess\u00e1rio para que a Associa\u00e7\u00e3o possa se fortalecer mais e expandir seus neg\u00f3cios.<\/p>\n<p class=\"m_6000259185272382276m_-1338303010031279416MsoNoSpacing\"><a href=\"http:\/\/www.maisbn.com\/portal\/wp-content\/uploads\/2017\/05\/intercambio_veracel00003.jpg\"><img loading=\"lazy\" decoding=\"async\" class=\"aligncenter size-full wp-image-14957\" src=\"http:\/\/www.maisbn.com\/portal\/wp-content\/uploads\/2017\/05\/intercambio_veracel00003.jpg\" alt=\"intercambio_veracel00003\" width=\"618\" height=\"412\" \/><\/a><\/p>\n<p class=\"m_6000259185272382276m_-1338303010031279416MsoNoSpacing\">Contribuir com o desenvolvimento do territ\u00f3rio \u00e9 um dos valores da Veracel. Por isso, a empresa investe no fortalecimento das comunidades rurais e em projetos sustent\u00e1veis. Uni\u00e3o Baiana \u00e9 um caso de sucesso de protagonismo e coes\u00e3o social. Seu caminho tem se tornado inspira\u00e7\u00e3o para outras iniciativas comunit\u00e1rias de perfil similar no territ\u00f3rio tamb\u00e9m apoiadas pela Veracel. \u00a0\u201cQuando as comunidades desejam mudar e se organizam em projetos sustent\u00e1veis, a\u00ed n\u00f3s conseguimos avan\u00e7ar\u201d, finalizou Izabel<i>. <\/i>A experi\u00eancia da Associa\u00e7\u00e3o tem criado condi\u00e7\u00f5es para contribuir com outras comunidades fora do territ\u00f3rio da Costa do Descobrimento.<u><\/u><u><\/u><\/p>\n<p class=\"m_6000259185272382276m_-1338303010031279416MsoNoSpacing\"><a href=\"http:\/\/www.maisbn.com\/portal\/wp-content\/uploads\/2017\/05\/intercambio_veracel00004.jpg\"><img loading=\"lazy\" decoding=\"async\" class=\"aligncenter size-full wp-image-14959\" src=\"http:\/\/www.maisbn.com\/portal\/wp-content\/uploads\/2017\/05\/intercambio_veracel00004.jpg\" alt=\"intercambio_veracel00004\" width=\"618\" height=\"412\" \/><\/a><\/p>\n<p class=\"m_6000259185272382276m_-1338303010031279416MsoNoSpacing\">\u00a0<b>SOBRE O RO\u00c7A DO POVO <\/b>\u2013 O projeto Ro\u00e7a do Povo, na comunidade de Uni\u00e3o Baiana possui como principais fontes de renda o cultivo da mandioca, a produ\u00e7\u00e3o da farinha e subprodutos como biscoitos, bolos, goma e p\u00e3es. A parceria com a Veracel come\u00e7ou em 2007 envolvendo apoio para capacita\u00e7\u00e3o, estrutura\u00e7\u00e3o e suporte de gest\u00e3o. Atualmente, a associa\u00e7\u00e3o conta com 127 s\u00f3cios, gerando renda para mais de 320 pessoas.<\/p>\n<p class=\"m_6000259185272382276m_-1338303010031279416MsoNoSpacing\">Entre as principais realiza\u00e7\u00f5es da Associa\u00e7\u00e3o est\u00e1 o atendimento ao Programa Nacional de Alimenta\u00e7\u00e3o Escolar \u2013 PNAE e ao Programa de Aquisi\u00e7\u00e3o de Alimentos \u2013 PAA de Itagimirim. Como meta de curto prazo, a Associa\u00e7\u00e3o est\u00e1 se preparando para criar uma cooperativa e ter condi\u00e7\u00f5es para abastecer o munic\u00edpio e participar de outras iniciativas p\u00fablicas. Tamb\u00e9m est\u00e1 atenta a necessidade de preparar os jovens da comunidade para dar continuidade ao trabalho.<\/p>\n","protected":false},"excerpt":{"rendered":"<p>Com o objetivo de proporcionar a troca de experi\u00eancias e a intera\u00e7\u00e3o entre as comunidades com potencial para desenvolver projetos de agricultura familiar, a Veracel Celulose viabilizou o encontro entre a Associa\u00e7\u00e3o de Pequenos Produtores Rurais de Uni\u00e3o Baiana, distrito de Itagimirim, e as associa\u00e7\u00f5es de Petrol\u00e2ndia e Ponto Central, no \u00faltimo dia 09\/05. \u201cUni\u00e3o [&hellip;]<\/p>\n","protected":false},"author":7,"featured_media":14959,"comment_status":"open","ping_status":"open","sticky":false,"template":"","format":"standard","meta":{"footnotes":""},"categories":[29,1],"tags":[108],"class_list":["post-14956","post","type-post","status-publish","format-standard","has-post-thumbnail","hentry","category-empreendimentos","category-noticias","tag-belmonte"],"_links":{"self":[{"href":"https:\/\/www.maisbn.com\/portal\/wp-json\/wp\/v2\/posts\/14956","targetHints":{"allow":["GET"]}}],"collection":[{"href":"https:\/\/www.maisbn.com\/portal\/wp-json\/wp\/v2\/posts"}],"about":[{"href":"https:\/\/www.maisbn.com\/portal\/wp-json\/wp\/v2\/types\/post"}],"author":[{"embeddable":true,"href":"https:\/\/www.maisbn.com\/portal\/wp-json\/wp\/v2\/users\/7"}],"replies":[{"embeddable":true,"href":"https:\/\/www.maisbn.com\/portal\/wp-json\/wp\/v2\/comments?post=14956"}],"version-history":[{"count":1,"href":"https:\/\/www.maisbn.com\/portal\/wp-json\/wp\/v2\/posts\/14956\/revisions"}],"predecessor-version":[{"id":14960,"href":"https:\/\/www.maisbn.com\/portal\/wp-json\/wp\/v2\/posts\/14956\/revisions\/14960"}],"wp:featuredmedia":[{"embeddable":true,"href":"https:\/\/www.maisbn.com\/portal\/wp-json\/wp\/v2\/media\/14959"}],"wp:attachment":[{"href":"https:\/\/www.maisbn.com\/portal\/wp-json\/wp\/v2\/media?parent=14956"}],"wp:term":[{"taxonomy":"category","embeddable":true,"href":"https:\/\/www.maisbn.com\/portal\/wp-json\/wp\/v2\/categories?post=14956"},{"taxonomy":"post_tag","embeddable":true,"href":"https:\/\/www.maisbn.com\/portal\/wp-json\/wp\/v2\/tags?post=14956"}],"curies":[{"name":"wp","href":"https:\/\/api.w.org\/{rel}","templated":true}]}}