{"id":14943,"date":"2017-05-17T15:31:57","date_gmt":"2017-05-17T18:31:57","guid":{"rendered":"http:\/\/www.maisbn.com\/portal\/?p=14943"},"modified":"2017-05-17T15:31:57","modified_gmt":"2017-05-17T18:31:57","slug":"moradores-do-minha-casa-minha-vida-em-barrolandia-comemoram-a-chegada-da-energia-eletrica","status":"publish","type":"post","link":"https:\/\/www.maisbn.com\/portal\/2017\/05\/moradores-do-minha-casa-minha-vida-em-barrolandia-comemoram-a-chegada-da-energia-eletrica\/","title":{"rendered":"Moradores do Minha Casa, Minha Vida em Barrol\u00e2ndia comemoram a chegada da energia el\u00e9trica."},"content":{"rendered":"<p>Um antigo anseio dos moradores de Barrol\u00e2ndia finalmente est\u00e1 sendo atendido atrav\u00e9s dos esfor\u00e7os do Prefeito Janival Borges e da ajuda do Deputado Estadual J\u00e2nio Natal. Estamos falando da instala\u00e7\u00e3o da rede el\u00e9trica do residencial construido por meio do Projeto Minha Casa, Minha Vida que trar\u00e1 mais dignidade para as fam\u00edlias residentes no local.<\/p>\n<p><a href=\"http:\/\/www.maisbn.com\/portal\/wp-content\/uploads\/2017\/05\/instalacao_coelba00003.jpg\"><img loading=\"lazy\" decoding=\"async\" class=\"aligncenter size-full wp-image-14944\" src=\"http:\/\/www.maisbn.com\/portal\/wp-content\/uploads\/2017\/05\/instalacao_coelba00003.jpg\" alt=\"instalacao_coelba00003\" width=\"618\" height=\"412\" \/><\/a><\/p>\n<p>As resid\u00eancias come\u00e7aram a ser construidas em Barrol\u00e2ndia ainda na gest\u00e3o do ex-prefeito I\u00eado Elias, foi retomada pela gest\u00e3o da Prefeita Alice Britto que terminou a constru\u00e7\u00e3o das casas, mas n\u00e3o teve tempo de colocar a energia el\u00e9trica. Foi ainda sob o comando da Prefeita Alice Britto que os moradores se reuniram com representantes da Prefeitura de Belmonte em junho de 2016 e informaram que queriam ocupar as resid\u00eancias, mesmo sem energia e \u00e1gua, pois temiam que a gestora fosse derrotada nas elei\u00e7\u00f5es e eles perdessem o direito \u00e0s moradias. Depois do acordo fechado, as fam\u00edlias tomaram posse de suas casas, mas vieram sofrendo desde ent\u00e3o com problemas causados por liga\u00e7\u00f5es clandestinas de energia e com a falta de \u00e1gua e saneamento b\u00e1sico. O Prefeito Janival Borges visitou o local, fez uma reuni\u00e3o com os moradores e prometeu que, junto com o Deputado Estadual J\u00e2nio Natal, conseguiria a energia el\u00e9trica para o residencial e toda a infraestrutura para que as fam\u00edlias tivessem uma vida com dignidade.<\/p>\n<p><a href=\"http:\/\/www.maisbn.com\/portal\/wp-content\/uploads\/2017\/05\/instalacao_coelba00002.jpg\"><img loading=\"lazy\" decoding=\"async\" class=\"aligncenter size-full wp-image-14945\" src=\"http:\/\/www.maisbn.com\/portal\/wp-content\/uploads\/2017\/05\/instalacao_coelba00002.jpg\" alt=\"instalacao_coelba00002\" width=\"618\" height=\"412\" \/><\/a><\/p>\n<p>O atual gestor belmontense cumpriu a promessa e nessa semana as equipes da COELBA j\u00e1 come\u00e7aram a instalar os postes para a futura rede. Os funcion\u00e1rios informaram que a empresa tem planos de ligar a energia el\u00e9trica ainda nos pr\u00f3ximos dias. O fato foi comemorado pelos moradores do residencial que tanto esperavam a realiza\u00e7\u00e3o desse grande sonho.<\/p>\n<p><a href=\"http:\/\/www.maisbn.com\/portal\/wp-content\/uploads\/2017\/05\/instalacao_coelba00001.jpg\"><img loading=\"lazy\" decoding=\"async\" class=\"aligncenter size-full wp-image-14946\" src=\"http:\/\/www.maisbn.com\/portal\/wp-content\/uploads\/2017\/05\/instalacao_coelba00001.jpg\" alt=\"instalacao_coelba00001\" width=\"618\" height=\"412\" \/><\/a><\/p>\n<p>A EMBASA tamb\u00e9m j\u00e1 fez a sua parte e instalou o abastecimento de \u00e1gua nas resid\u00eancias. O pr\u00f3ximo passo agora ser\u00e1 a urbaniza\u00e7\u00e3o que tamb\u00e9m foi prometida pelo Prefeito Janival Borges e est\u00e1 nos planos da atual administra\u00e7\u00e3o.<\/p>\n<p><em>Fotos: Jornal de Belmonte<\/em><\/p>\n<p>&nbsp;<\/p>\n","protected":false},"excerpt":{"rendered":"<p>Um antigo anseio dos moradores de Barrol\u00e2ndia finalmente est\u00e1 sendo atendido atrav\u00e9s dos esfor\u00e7os do Prefeito Janival Borges e da ajuda do Deputado Estadual J\u00e2nio Natal. Estamos falando da instala\u00e7\u00e3o da rede el\u00e9trica do residencial construido por meio do Projeto Minha Casa, Minha Vida que trar\u00e1 mais dignidade para as fam\u00edlias residentes no local. As [&hellip;]<\/p>\n","protected":false},"author":7,"featured_media":14946,"comment_status":"open","ping_status":"open","sticky":false,"template":"","format":"standard","meta":{"footnotes":""},"categories":[45,1],"tags":[108],"class_list":["post-14943","post","type-post","status-publish","format-standard","has-post-thumbnail","hentry","category-cidades","category-noticias","tag-belmonte"],"_links":{"self":[{"href":"https:\/\/www.maisbn.com\/portal\/wp-json\/wp\/v2\/posts\/14943","targetHints":{"allow":["GET"]}}],"collection":[{"href":"https:\/\/www.maisbn.com\/portal\/wp-json\/wp\/v2\/posts"}],"about":[{"href":"https:\/\/www.maisbn.com\/portal\/wp-json\/wp\/v2\/types\/post"}],"author":[{"embeddable":true,"href":"https:\/\/www.maisbn.com\/portal\/wp-json\/wp\/v2\/users\/7"}],"replies":[{"embeddable":true,"href":"https:\/\/www.maisbn.com\/portal\/wp-json\/wp\/v2\/comments?post=14943"}],"version-history":[{"count":1,"href":"https:\/\/www.maisbn.com\/portal\/wp-json\/wp\/v2\/posts\/14943\/revisions"}],"predecessor-version":[{"id":14947,"href":"https:\/\/www.maisbn.com\/portal\/wp-json\/wp\/v2\/posts\/14943\/revisions\/14947"}],"wp:featuredmedia":[{"embeddable":true,"href":"https:\/\/www.maisbn.com\/portal\/wp-json\/wp\/v2\/media\/14946"}],"wp:attachment":[{"href":"https:\/\/www.maisbn.com\/portal\/wp-json\/wp\/v2\/media?parent=14943"}],"wp:term":[{"taxonomy":"category","embeddable":true,"href":"https:\/\/www.maisbn.com\/portal\/wp-json\/wp\/v2\/categories?post=14943"},{"taxonomy":"post_tag","embeddable":true,"href":"https:\/\/www.maisbn.com\/portal\/wp-json\/wp\/v2\/tags?post=14943"}],"curies":[{"name":"wp","href":"https:\/\/api.w.org\/{rel}","templated":true}]}}