{"id":14935,"date":"2017-05-17T10:16:01","date_gmt":"2017-05-17T13:16:01","guid":{"rendered":"http:\/\/www.maisbn.com\/portal\/?p=14935"},"modified":"2017-05-17T10:16:01","modified_gmt":"2017-05-17T13:16:01","slug":"familias-carentes-dos-bairros-sao-benedito-e-bom-jardim-agradecem-a-distribuicao-de-sopa","status":"publish","type":"post","link":"https:\/\/www.maisbn.com\/portal\/2017\/05\/familias-carentes-dos-bairros-sao-benedito-e-bom-jardim-agradecem-a-distribuicao-de-sopa\/","title":{"rendered":"Fam\u00edlias carentes dos Bairros S\u00e3o Benedito e Bom Jardim agradecem a distribui\u00e7\u00e3o de sopa."},"content":{"rendered":"<p><a href=\"http:\/\/www.maisbn.com\/portal\/wp-content\/uploads\/2017\/05\/distribuicaosopao00002.jpg\"><img loading=\"lazy\" decoding=\"async\" class=\"aligncenter size-full wp-image-14938\" src=\"http:\/\/www.maisbn.com\/portal\/wp-content\/uploads\/2017\/05\/distribuicaosopao00002.jpg\" alt=\"distribuicaosopao00002\" width=\"650\" height=\"366\" \/><\/a><\/p>\n<p>Na tarde dessa ter\u00e7a-feira (16\/05) foi realizada uma atitude de boa a\u00e7\u00e3o que acolheu as fam\u00edlias carentes dos bairros Bom Jardim e S\u00e3o Benedito. Estamos falando da distribui\u00e7\u00e3o do tradicional sop\u00e3o feita pela Sr\u00aa Nubia Aberceb, esposa do Vereador e vice-presidente da C\u00e2mara Alfredo Aberceb.<\/p>\n<p><a href=\"http:\/\/www.maisbn.com\/portal\/wp-content\/uploads\/2017\/05\/distribuicaosopao00003.jpg\"><img loading=\"lazy\" decoding=\"async\" class=\"aligncenter size-full wp-image-14936\" src=\"http:\/\/www.maisbn.com\/portal\/wp-content\/uploads\/2017\/05\/distribuicaosopao00003.jpg\" alt=\"distribuicaosopao00003\" width=\"650\" height=\"366\" \/><\/a><\/p>\n<p>O vereador Alfredo, em conversa com nossa equipe, informou que essa a\u00e7\u00e3o \u00e9 feita por sua esposa muito antes da pol\u00edtica em uma \u00e9poca que o mesmo nem sonhava em ser vereador. &#8220;Quando viemos morar em Belmonte percebemos que existiam muitas fam\u00edlias carentes nesses bairros e quer\u00edamos fazer alguma coisa para ajudar a aliviar o sofrimento dessas pessoas. Ent\u00e3o minha esposa teve a ideia da sopa que passamos a distribuir para aquelas comunidades. Esse trabalho ficou paralisado por um tempo, mas agora N\u00fabia me falou que desejava retomar essa boa a\u00e7\u00e3o e eu estou apoiando. Sei que \u00e9 muito pouco o que fazemos, mas pretendo aumentar essa a\u00e7\u00e3o e combina-la com a minha atividade legislativa no intuito de trazer cada vez mais melhorias para as comunidades carentes de Belmonte.&#8221; &#8211; Comentou o Vereador.<\/p>\n<p><a href=\"http:\/\/www.maisbn.com\/portal\/wp-content\/uploads\/2017\/05\/distribuicaosopao00005.jpg\"><img loading=\"lazy\" decoding=\"async\" class=\"aligncenter size-full wp-image-14937\" src=\"http:\/\/www.maisbn.com\/portal\/wp-content\/uploads\/2017\/05\/distribuicaosopao00005.jpg\" alt=\"distribuicaosopao00005\" width=\"650\" height=\"366\" \/><\/a><\/p>\n<p>A sopa, que \u00e9 confeccionada e distribu\u00edda pela Sr\u00aa Nubia Aberceb e tem como principal apoiador o A\u00e7ougue do Deco, ser\u00e1 distribu\u00edda todas as ter\u00e7as-feiras. O Vereador Alfredo ainda informou que est\u00e1 aberto para firmar mais parcerias no intuito de ampliar essa boa a\u00e7\u00e3o e atender ainda mais fam\u00edlias carentes no munic\u00edpio. &#8220;Se queremos um mundo melhor temos que fazer a nossa parte e olhar para o pr\u00f3ximo.&#8221; &#8211; Finalizou Alfredo em conversa com nossa equipe.<\/p>\n<p>&nbsp;<\/p>\n","protected":false},"excerpt":{"rendered":"<p>Na tarde dessa ter\u00e7a-feira (16\/05) foi realizada uma atitude de boa a\u00e7\u00e3o que acolheu as fam\u00edlias carentes dos bairros Bom Jardim e S\u00e3o Benedito. Estamos falando da distribui\u00e7\u00e3o do tradicional sop\u00e3o feita pela Sr\u00aa Nubia Aberceb, esposa do Vereador e vice-presidente da C\u00e2mara Alfredo Aberceb. O vereador Alfredo, em conversa com nossa equipe, informou que [&hellip;]<\/p>\n","protected":false},"author":7,"featured_media":14936,"comment_status":"open","ping_status":"open","sticky":false,"template":"","format":"standard","meta":{"footnotes":""},"categories":[45,1],"tags":[108],"class_list":["post-14935","post","type-post","status-publish","format-standard","has-post-thumbnail","hentry","category-cidades","category-noticias","tag-belmonte"],"_links":{"self":[{"href":"https:\/\/www.maisbn.com\/portal\/wp-json\/wp\/v2\/posts\/14935","targetHints":{"allow":["GET"]}}],"collection":[{"href":"https:\/\/www.maisbn.com\/portal\/wp-json\/wp\/v2\/posts"}],"about":[{"href":"https:\/\/www.maisbn.com\/portal\/wp-json\/wp\/v2\/types\/post"}],"author":[{"embeddable":true,"href":"https:\/\/www.maisbn.com\/portal\/wp-json\/wp\/v2\/users\/7"}],"replies":[{"embeddable":true,"href":"https:\/\/www.maisbn.com\/portal\/wp-json\/wp\/v2\/comments?post=14935"}],"version-history":[{"count":1,"href":"https:\/\/www.maisbn.com\/portal\/wp-json\/wp\/v2\/posts\/14935\/revisions"}],"predecessor-version":[{"id":14939,"href":"https:\/\/www.maisbn.com\/portal\/wp-json\/wp\/v2\/posts\/14935\/revisions\/14939"}],"wp:featuredmedia":[{"embeddable":true,"href":"https:\/\/www.maisbn.com\/portal\/wp-json\/wp\/v2\/media\/14936"}],"wp:attachment":[{"href":"https:\/\/www.maisbn.com\/portal\/wp-json\/wp\/v2\/media?parent=14935"}],"wp:term":[{"taxonomy":"category","embeddable":true,"href":"https:\/\/www.maisbn.com\/portal\/wp-json\/wp\/v2\/categories?post=14935"},{"taxonomy":"post_tag","embeddable":true,"href":"https:\/\/www.maisbn.com\/portal\/wp-json\/wp\/v2\/tags?post=14935"}],"curies":[{"name":"wp","href":"https:\/\/api.w.org\/{rel}","templated":true}]}}