{"id":14927,"date":"2017-05-16T16:32:43","date_gmt":"2017-05-16T19:32:43","guid":{"rendered":"http:\/\/www.maisbn.com\/portal\/?p=14927"},"modified":"2017-05-16T16:32:43","modified_gmt":"2017-05-16T19:32:43","slug":"vereador-alfredo-cobra-solucoes-para-o-povoado-do-ubu-e-melhorias-para-a-seguranca-publica","status":"publish","type":"post","link":"https:\/\/www.maisbn.com\/portal\/2017\/05\/vereador-alfredo-cobra-solucoes-para-o-povoado-do-ubu-e-melhorias-para-a-seguranca-publica\/","title":{"rendered":"Vereador Alfredo cobra solu\u00e7\u00f5es para o povoado do Ub\u00fa e melhorias para a Seguran\u00e7a P\u00fablica."},"content":{"rendered":"<p><iframe loading=\"lazy\" style=\"border: none; overflow: hidden;\" src=\"https:\/\/www.facebook.com\/plugins\/video.php?href=https%3A%2F%2Fwww.facebook.com%2Fdiskdenunci%2Fvideos%2F742342759281834%2F&amp;show_text=0&amp;width=560\" width=\"560\" height=\"315\" frameborder=\"0\" scrolling=\"no\" allowfullscreen=\"allowfullscreen\"><\/iframe><\/p>\n<p>O Vereador Alfredo Aberceb subiu \u00e0 Tribuna da C\u00e2mara de Vereadores de Belmonte nessa segunda-feira (15\/05) para cobrar as obras de recupera\u00e7\u00e3o da estrada que d\u00e1 acesso \u00e0 comunidade do Ub\u00fa. O Vereador cobrou do Secret\u00e1rio Municipal de Infraestrutura Luciano Alves uma posi\u00e7\u00e3o sobre a situa\u00e7\u00e3o daquela via que serve tanto \u00e0s pessoas que vivem naquela localidade. O mesmo ainda reclamou sobre a situa\u00e7\u00e3o dos \u00f4nibus escolares que n\u00e3o est\u00e3o entrando no povoado for\u00e7ando as crian\u00e7as a andarem at\u00e9 02 kil\u00f4metros para conseguirem chegar \u00e0 pista e ter acesso ao transporte escolar.<\/p>\n<p>Outro problema tamb\u00e9m abordado pelo edil foi a seguran\u00e7a p\u00fablica da cidade de Belmonte que sofre com a falta de efetivo das policias civil e militar. O mesmo ainda cobrou que se mude o local onde hoje est\u00e1 instalado o quartel da Pol\u00edcia Militar de Belmonte. Alfredo comentou que o pr\u00e9dio atual p\u00f5e em risco a vida dos Policiais Militares de servi\u00e7o e sofre com diversos problemas estruturais. <em>&#8220;Eu estou cobrando porque temos que valorizar os profissionais de seguran\u00e7a da nossa cidade. Temos que ter estrutura e efetivo para podermos prestar um servi\u00e7o de qualidade para a nossa popula\u00e7\u00e3o.&#8221;<\/em> &#8211; Comentou Alfredo em conversa com nossa reportagem.<\/p>\n","protected":false},"excerpt":{"rendered":"<p>O Vereador Alfredo Aberceb subiu \u00e0 Tribuna da C\u00e2mara de Vereadores de Belmonte nessa segunda-feira (15\/05) para cobrar as obras de recupera\u00e7\u00e3o da estrada que d\u00e1 acesso \u00e0 comunidade do Ub\u00fa. O Vereador cobrou do Secret\u00e1rio Municipal de Infraestrutura Luciano Alves uma posi\u00e7\u00e3o sobre a situa\u00e7\u00e3o daquela via que serve tanto \u00e0s pessoas que vivem [&hellip;]<\/p>\n","protected":false},"author":7,"featured_media":13890,"comment_status":"open","ping_status":"open","sticky":false,"template":"","format":"standard","meta":{"footnotes":""},"categories":[1,7],"tags":[108],"class_list":["post-14927","post","type-post","status-publish","format-standard","has-post-thumbnail","hentry","category-noticias","category-politica","tag-belmonte"],"_links":{"self":[{"href":"https:\/\/www.maisbn.com\/portal\/wp-json\/wp\/v2\/posts\/14927","targetHints":{"allow":["GET"]}}],"collection":[{"href":"https:\/\/www.maisbn.com\/portal\/wp-json\/wp\/v2\/posts"}],"about":[{"href":"https:\/\/www.maisbn.com\/portal\/wp-json\/wp\/v2\/types\/post"}],"author":[{"embeddable":true,"href":"https:\/\/www.maisbn.com\/portal\/wp-json\/wp\/v2\/users\/7"}],"replies":[{"embeddable":true,"href":"https:\/\/www.maisbn.com\/portal\/wp-json\/wp\/v2\/comments?post=14927"}],"version-history":[{"count":1,"href":"https:\/\/www.maisbn.com\/portal\/wp-json\/wp\/v2\/posts\/14927\/revisions"}],"predecessor-version":[{"id":14928,"href":"https:\/\/www.maisbn.com\/portal\/wp-json\/wp\/v2\/posts\/14927\/revisions\/14928"}],"wp:featuredmedia":[{"embeddable":true,"href":"https:\/\/www.maisbn.com\/portal\/wp-json\/wp\/v2\/media\/13890"}],"wp:attachment":[{"href":"https:\/\/www.maisbn.com\/portal\/wp-json\/wp\/v2\/media?parent=14927"}],"wp:term":[{"taxonomy":"category","embeddable":true,"href":"https:\/\/www.maisbn.com\/portal\/wp-json\/wp\/v2\/categories?post=14927"},{"taxonomy":"post_tag","embeddable":true,"href":"https:\/\/www.maisbn.com\/portal\/wp-json\/wp\/v2\/tags?post=14927"}],"curies":[{"name":"wp","href":"https:\/\/api.w.org\/{rel}","templated":true}]}}