{"id":14917,"date":"2017-05-16T15:11:09","date_gmt":"2017-05-16T18:11:09","guid":{"rendered":"http:\/\/www.maisbn.com\/portal\/?p=14917"},"modified":"2017-05-16T15:11:09","modified_gmt":"2017-05-16T18:11:09","slug":"oposicao-ao-governador-rui-costa-ameaca-entrar-na-justica-para-barrar-aumento-da-embasa","status":"publish","type":"post","link":"https:\/\/www.maisbn.com\/portal\/2017\/05\/oposicao-ao-governador-rui-costa-ameaca-entrar-na-justica-para-barrar-aumento-da-embasa\/","title":{"rendered":"Oposi\u00e7\u00e3o ao Governador Rui Costa amea\u00e7a entrar na justi\u00e7a para barrar aumento da EMBASA."},"content":{"rendered":"<p><a href=\"http:\/\/www.maisbn.com\/portal\/wp-content\/uploads\/2017\/05\/deputado-estadual-pablo-barrozo-democratas-dem-lider-oposicao-vereador-leo-prates-eleicoes-2016.jpg\"><img loading=\"lazy\" decoding=\"async\" class=\"aligncenter size-full wp-image-14918\" src=\"http:\/\/www.maisbn.com\/portal\/wp-content\/uploads\/2017\/05\/deputado-estadual-pablo-barrozo-democratas-dem-lider-oposicao-vereador-leo-prates-eleicoes-2016.jpg\" alt=\"deputado-estadual-pablo-barrozo-democratas-dem-lider-oposicao-vereador-leo-prates-eleicoes-2016\" width=\"550\" height=\"384\" \/><\/a><\/p>\n<p>A oposi\u00e7\u00e3o ao governador Rui Costa (PT) cogita recorrer \u00e0 Justi\u00e7a para tentar barrar o aumento da conta de \u00e1gua. A Empresa Baiana de \u00c1guas e Saneamento (Embasa) anunciou o reajuste de 8,8% para junho.<\/p>\n<p>O deputado Pablo Barrozo (DEM), vice-l\u00edder da oposi\u00e7\u00e3o na Assembleia Legislativa da Bahia (AL-BA), criticou a medida, por considerar que o percentual \u00e9 superior \u00e0 infla\u00e7\u00e3o medida em 2016 e calculada nos \u00faltimos 12 meses, de6,3% e 4,7%, respectivamente. &#8220;O estado controla a Embasa e a Ag\u00eancia Reguladora de Sanemaneto B\u00e1sico da Bahia (Agersa), que tem o poder de vetar o aumento. O governador vive falando em crise. Disse que n\u00e3o vai dar aumento aos servidores p\u00fablicos porque n\u00e3o tem dinheiro. E n\u00e3o leva em conta o dinheiro do trabalhador que n\u00e3o tem condi\u00e7\u00e3o alguma de arcar com o aumento desses, acima da infla\u00e7\u00e3o&#8221;, declarou Barrozo. O parlamentar argumentou tamb\u00e9m que os servi\u00e7os prestados pela Embasa s\u00e3o &#8220;p\u00e9ssimos&#8221; e em Salvador &#8220;toda semana&#8221; falta \u00e1gua nos bairros.<\/p>\n","protected":false},"excerpt":{"rendered":"<p>A oposi\u00e7\u00e3o ao governador Rui Costa (PT) cogita recorrer \u00e0 Justi\u00e7a para tentar barrar o aumento da conta de \u00e1gua. A Empresa Baiana de \u00c1guas e Saneamento (Embasa) anunciou o reajuste de 8,8% para junho. O deputado Pablo Barrozo (DEM), vice-l\u00edder da oposi\u00e7\u00e3o na Assembleia Legislativa da Bahia (AL-BA), criticou a medida, por considerar que [&hellip;]<\/p>\n","protected":false},"author":7,"featured_media":14918,"comment_status":"open","ping_status":"open","sticky":false,"template":"","format":"standard","meta":{"footnotes":""},"categories":[20,1],"tags":[108],"class_list":["post-14917","post","type-post","status-publish","format-standard","has-post-thumbnail","hentry","category-bahia","category-noticias","tag-belmonte"],"_links":{"self":[{"href":"https:\/\/www.maisbn.com\/portal\/wp-json\/wp\/v2\/posts\/14917","targetHints":{"allow":["GET"]}}],"collection":[{"href":"https:\/\/www.maisbn.com\/portal\/wp-json\/wp\/v2\/posts"}],"about":[{"href":"https:\/\/www.maisbn.com\/portal\/wp-json\/wp\/v2\/types\/post"}],"author":[{"embeddable":true,"href":"https:\/\/www.maisbn.com\/portal\/wp-json\/wp\/v2\/users\/7"}],"replies":[{"embeddable":true,"href":"https:\/\/www.maisbn.com\/portal\/wp-json\/wp\/v2\/comments?post=14917"}],"version-history":[{"count":1,"href":"https:\/\/www.maisbn.com\/portal\/wp-json\/wp\/v2\/posts\/14917\/revisions"}],"predecessor-version":[{"id":14919,"href":"https:\/\/www.maisbn.com\/portal\/wp-json\/wp\/v2\/posts\/14917\/revisions\/14919"}],"wp:featuredmedia":[{"embeddable":true,"href":"https:\/\/www.maisbn.com\/portal\/wp-json\/wp\/v2\/media\/14918"}],"wp:attachment":[{"href":"https:\/\/www.maisbn.com\/portal\/wp-json\/wp\/v2\/media?parent=14917"}],"wp:term":[{"taxonomy":"category","embeddable":true,"href":"https:\/\/www.maisbn.com\/portal\/wp-json\/wp\/v2\/categories?post=14917"},{"taxonomy":"post_tag","embeddable":true,"href":"https:\/\/www.maisbn.com\/portal\/wp-json\/wp\/v2\/tags?post=14917"}],"curies":[{"name":"wp","href":"https:\/\/api.w.org\/{rel}","templated":true}]}}