{"id":14892,"date":"2017-05-16T09:17:40","date_gmt":"2017-05-16T12:17:40","guid":{"rendered":"http:\/\/www.maisbn.com\/portal\/?p=14892"},"modified":"2017-05-16T10:36:38","modified_gmt":"2017-05-16T13:36:38","slug":"prefeitura-realiza-capacitacao-voltada-para-as-equipes-de-atencao-basica-de-belmonte","status":"publish","type":"post","link":"https:\/\/www.maisbn.com\/portal\/2017\/05\/prefeitura-realiza-capacitacao-voltada-para-as-equipes-de-atencao-basica-de-belmonte\/","title":{"rendered":"Prefeitura realiza capacita\u00e7\u00e3o voltada para as equipes de Aten\u00e7\u00e3o B\u00e1sica de Belmonte."},"content":{"rendered":"<p><a href=\"http:\/\/www.maisbn.com\/portal\/wp-content\/uploads\/2017\/05\/saude00001.jpg\"><img loading=\"lazy\" decoding=\"async\" class=\"aligncenter size-full wp-image-14904\" src=\"http:\/\/www.maisbn.com\/portal\/wp-content\/uploads\/2017\/05\/saude00001.jpg\" alt=\"saude00001\" width=\"650\" height=\"366\" \/><\/a><\/p>\n<p>Ocorreu no dia 15\/05 na C\u00e2mara Municipal de Belmonte a 1\u00aa Oficina de Monitoramento e Planejamento da Aten\u00e7\u00e3o B\u00e1sica com a proposta de qualifica\u00e7\u00e3o do processo de trabalho das Equipe de Sa\u00fade da Fam\u00edlia. Cada Equipe foi representada pelo M\u00e9dico, Enfermeiros, Odont\u00f3logo e 1 Agente Comunit\u00e1rio de Sa\u00fade. Foram trabalhados os seguintes temas:<\/p>\n<p>*Indicadores de Sa\u00fade do 2 ciclo do PMAQ.<br \/>\n*Forma\u00e7\u00e3o de Rede Sa\u00fade Mental com Aten\u00e7\u00e3o B\u00e1sica.<br \/>\n*O papel da Vigil\u00e2ncia Sanit\u00e1ria no Territ\u00f3rio das Equipes.<br \/>\n*AMAQ como instrumento auto-avaliativo das Equipes.<br \/>\n*O processo de trabalho do NASF e suas implica\u00e7\u00f5es.<br \/>\n*A import\u00e2ncia do registro completo nas fichas do E-SUS.<br \/>\n*Relat\u00f3rio situacional dos programas: Sa\u00fade da Mulher, Sa\u00fade da Crian\u00e7a e SISVAN.<br \/>\n*Perfil de morbidade por complica\u00e7\u00f5es da Hipertens\u00e3o Arterial no Pronto Socorro do Hospital Municipal.<\/p>\n<p><a href=\"http:\/\/www.maisbn.com\/portal\/wp-content\/uploads\/2017\/05\/Image00001.jpg\"><img loading=\"lazy\" decoding=\"async\" class=\"aligncenter wp-image-14893 size-full\" src=\"http:\/\/www.maisbn.com\/portal\/wp-content\/uploads\/2017\/05\/Image00001.jpg\" alt=\"\" width=\"650\" height=\"412\" \/><\/a><\/p>\n<p>O Prefeito Janival Borges, acompanhado do Presidente da C\u00e2mara de Vereadores Aelson Matos, esteve presente no evento e ressaltou que a qualifica\u00e7\u00e3o do Atendimento \u00e0 Sa\u00fade \u00e9 prioridade em seu governo. &#8220;<em>Ainda temos muitas dificuldades por causa da queda de arrecada\u00e7\u00e3o que estamos enfrentando e essa fator nos impede de fazer grandes investimentos, mas temos implementado diversas melhorias, diversos treinamentos de equipes est\u00e3o sendo realizados e a nossa meta \u00e9 tornar a sa\u00fade de Belmonte uma refer\u00eancia na Costa do Descobrimento.&#8221;<\/em> &#8211; Comentou o gestor \u00e0 nossa equipe.<\/p>\n<p>A organiza\u00e7\u00e3o finalizou agradecendo ao Presidente da C\u00e2mara Aelson Matos por ter cedido o espa\u00e7o e ter dado total apoio ao evento e tamb\u00e9m ressaltou que ainda outros v\u00e1rios treinamentos ir\u00e3o ocorrer no intuito de trazer melhorias no atendimento da comunidade.<\/p>\n","protected":false},"excerpt":{"rendered":"<p>Ocorreu no dia 15\/05 na C\u00e2mara Municipal de Belmonte a 1\u00aa Oficina de Monitoramento e Planejamento da Aten\u00e7\u00e3o B\u00e1sica com a proposta de qualifica\u00e7\u00e3o do processo de trabalho das Equipe de Sa\u00fade da Fam\u00edlia. Cada Equipe foi representada pelo M\u00e9dico, Enfermeiros, Odont\u00f3logo e 1 Agente Comunit\u00e1rio de Sa\u00fade. Foram trabalhados os seguintes temas: *Indicadores de [&hellip;]<\/p>\n","protected":false},"author":7,"featured_media":14894,"comment_status":"open","ping_status":"open","sticky":false,"template":"","format":"standard","meta":{"footnotes":""},"categories":[45,1],"tags":[44],"class_list":["post-14892","post","type-post","status-publish","format-standard","has-post-thumbnail","hentry","category-cidades","category-noticias","tag-belmonte-ba"],"_links":{"self":[{"href":"https:\/\/www.maisbn.com\/portal\/wp-json\/wp\/v2\/posts\/14892","targetHints":{"allow":["GET"]}}],"collection":[{"href":"https:\/\/www.maisbn.com\/portal\/wp-json\/wp\/v2\/posts"}],"about":[{"href":"https:\/\/www.maisbn.com\/portal\/wp-json\/wp\/v2\/types\/post"}],"author":[{"embeddable":true,"href":"https:\/\/www.maisbn.com\/portal\/wp-json\/wp\/v2\/users\/7"}],"replies":[{"embeddable":true,"href":"https:\/\/www.maisbn.com\/portal\/wp-json\/wp\/v2\/comments?post=14892"}],"version-history":[{"count":4,"href":"https:\/\/www.maisbn.com\/portal\/wp-json\/wp\/v2\/posts\/14892\/revisions"}],"predecessor-version":[{"id":14905,"href":"https:\/\/www.maisbn.com\/portal\/wp-json\/wp\/v2\/posts\/14892\/revisions\/14905"}],"wp:featuredmedia":[{"embeddable":true,"href":"https:\/\/www.maisbn.com\/portal\/wp-json\/wp\/v2\/media\/14894"}],"wp:attachment":[{"href":"https:\/\/www.maisbn.com\/portal\/wp-json\/wp\/v2\/media?parent=14892"}],"wp:term":[{"taxonomy":"category","embeddable":true,"href":"https:\/\/www.maisbn.com\/portal\/wp-json\/wp\/v2\/categories?post=14892"},{"taxonomy":"post_tag","embeddable":true,"href":"https:\/\/www.maisbn.com\/portal\/wp-json\/wp\/v2\/tags?post=14892"}],"curies":[{"name":"wp","href":"https:\/\/api.w.org\/{rel}","templated":true}]}}