{"id":14875,"date":"2017-05-14T17:03:58","date_gmt":"2017-05-14T20:03:58","guid":{"rendered":"http:\/\/www.maisbn.com\/portal\/?p=14875"},"modified":"2017-05-14T22:21:38","modified_gmt":"2017-05-15T01:21:38","slug":"%e2%81%a0%e2%81%a0%e2%81%a08-batalhao-e-prefeitura-de-belmonte-realizam-acao-de-conscientizacao-do-uso-do-capacete-por-motociclistas","status":"publish","type":"post","link":"https:\/\/www.maisbn.com\/portal\/2017\/05\/%e2%81%a0%e2%81%a0%e2%81%a08-batalhao-e-prefeitura-de-belmonte-realizam-acao-de-conscientizacao-do-uso-do-capacete-por-motociclistas\/","title":{"rendered":"\u2060\u2060\u20608 Batalh\u00e3o e prefeitura de Belmonte realizam a\u00e7\u00e3o de conscientiza\u00e7\u00e3o do uso do capacete por motociclistas."},"content":{"rendered":"<p><a href=\"http:\/\/www.maisbn.com\/portal\/wp-content\/uploads\/2017\/05\/campanhacapacete00001.jpg\"><img loading=\"lazy\" decoding=\"async\" class=\"aligncenter size-full wp-image-14876\" src=\"http:\/\/www.maisbn.com\/portal\/wp-content\/uploads\/2017\/05\/campanhacapacete00001.jpg\" alt=\"campanhacapacete00001\" width=\"650\" height=\"412\" \/><\/a><\/p>\n<p>Uma a\u00e7\u00e3o conjunta desenvolvida em parceria entre o 8\u00ba Batalh\u00e3o de Pol\u00edcia Militar e a Prefeitura de Belmonte leva informa\u00e7\u00f5es relacionadas \u00e0 import\u00e2ncia do uso adequado do capacete aos motociclistas. Entre os dias 13 e 25, os condutores ir\u00e3o receber o material educativo e a meta \u00e9 que o \u00edndice de acidentes envolvendo motos na regi\u00e3o, que j\u00e1 \u00e9 baixo, se reduza ainda mais.<\/p>\n<p>&nbsp;<\/p>\n<p><a href=\"http:\/\/www.maisbn.com\/portal\/wp-content\/uploads\/2017\/05\/campanhacapacete00002.jpg\"><img loading=\"lazy\" decoding=\"async\" class=\"aligncenter size-full wp-image-14877\" src=\"http:\/\/www.maisbn.com\/portal\/wp-content\/uploads\/2017\/05\/campanhacapacete00002.jpg\" alt=\"campanhacapacete00002\" width=\"650\" height=\"412\" \/><\/a><\/p>\n<p>Estudos comprovam que o uso adequado do equipamento pode prevenir em at\u00e9 69% os traumatismos cr\u00e2nio encef\u00e1licos e em 65%os traumatismos da face. Outra quest\u00e3o importante diz respeito ao modelo \u201ccoquinho\u201d, muito utilizado na regi\u00e3o, que n\u00e3o \u00e9 considerado capacete por n\u00e3o oferecer prote\u00e7\u00e3o.<\/p>\n<p><a href=\"http:\/\/www.maisbn.com\/portal\/wp-content\/uploads\/2017\/05\/campanhacapacete00003.jpg\"><img loading=\"lazy\" decoding=\"async\" class=\"aligncenter size-full wp-image-14878\" src=\"http:\/\/www.maisbn.com\/portal\/wp-content\/uploads\/2017\/05\/campanhacapacete00003.jpg\" alt=\"campanhacapacete00003\" width=\"650\" height=\"412\" \/><\/a><\/p>\n<p>\u201c\u00c9 importante ressaltar que aqueles que n\u00e3o usam capacete est\u00e3o sujeitos a multa no valor R$ 293,44, perda de 7 pontos na CNH e suspens\u00e3o do direito de conduzir, al\u00e9m de colocar a vida em risco\u201d, frisa o comandante do 8\u00ba BPM, Major Anacleto Fran\u00e7a.<\/p>\n<p><a href=\"http:\/\/www.maisbn.com\/portal\/wp-content\/uploads\/2017\/05\/WhatsApp-Image-2017-05-14-at-9.36.43-AM.jpeg\"><img loading=\"lazy\" decoding=\"async\" class=\"aligncenter size-medium wp-image-14882\" src=\"http:\/\/www.maisbn.com\/portal\/wp-content\/uploads\/2017\/05\/WhatsApp-Image-2017-05-14-at-9.36.43-AM-634x900.jpeg\" alt=\"WhatsApp Image 2017-05-14 at 9.36.43 AM\" width=\"634\" height=\"900\" srcset=\"https:\/\/www.maisbn.com\/portal\/wp-content\/uploads\/2017\/05\/WhatsApp-Image-2017-05-14-at-9.36.43-AM-634x900.jpeg 634w, https:\/\/www.maisbn.com\/portal\/wp-content\/uploads\/2017\/05\/WhatsApp-Image-2017-05-14-at-9.36.43-AM-704x1000.jpeg 704w, https:\/\/www.maisbn.com\/portal\/wp-content\/uploads\/2017\/05\/WhatsApp-Image-2017-05-14-at-9.36.43-AM.jpeg 901w\" sizes=\"auto, (max-width: 634px) 100vw, 634px\" \/><\/a><\/p>\n","protected":false},"excerpt":{"rendered":"<p>Uma a\u00e7\u00e3o conjunta desenvolvida em parceria entre o 8\u00ba Batalh\u00e3o de Pol\u00edcia Militar e a Prefeitura de Belmonte leva informa\u00e7\u00f5es relacionadas \u00e0 import\u00e2ncia do uso adequado do capacete aos motociclistas. Entre os dias 13 e 25, os condutores ir\u00e3o receber o material educativo e a meta \u00e9 que o \u00edndice de acidentes envolvendo motos na [&hellip;]<\/p>\n","protected":false},"author":7,"featured_media":14879,"comment_status":"open","ping_status":"open","sticky":false,"template":"","format":"standard","meta":{"footnotes":""},"categories":[45,1],"tags":[108],"class_list":["post-14875","post","type-post","status-publish","format-standard","has-post-thumbnail","hentry","category-cidades","category-noticias","tag-belmonte"],"_links":{"self":[{"href":"https:\/\/www.maisbn.com\/portal\/wp-json\/wp\/v2\/posts\/14875","targetHints":{"allow":["GET"]}}],"collection":[{"href":"https:\/\/www.maisbn.com\/portal\/wp-json\/wp\/v2\/posts"}],"about":[{"href":"https:\/\/www.maisbn.com\/portal\/wp-json\/wp\/v2\/types\/post"}],"author":[{"embeddable":true,"href":"https:\/\/www.maisbn.com\/portal\/wp-json\/wp\/v2\/users\/7"}],"replies":[{"embeddable":true,"href":"https:\/\/www.maisbn.com\/portal\/wp-json\/wp\/v2\/comments?post=14875"}],"version-history":[{"count":4,"href":"https:\/\/www.maisbn.com\/portal\/wp-json\/wp\/v2\/posts\/14875\/revisions"}],"predecessor-version":[{"id":14884,"href":"https:\/\/www.maisbn.com\/portal\/wp-json\/wp\/v2\/posts\/14875\/revisions\/14884"}],"wp:featuredmedia":[{"embeddable":true,"href":"https:\/\/www.maisbn.com\/portal\/wp-json\/wp\/v2\/media\/14879"}],"wp:attachment":[{"href":"https:\/\/www.maisbn.com\/portal\/wp-json\/wp\/v2\/media?parent=14875"}],"wp:term":[{"taxonomy":"category","embeddable":true,"href":"https:\/\/www.maisbn.com\/portal\/wp-json\/wp\/v2\/categories?post=14875"},{"taxonomy":"post_tag","embeddable":true,"href":"https:\/\/www.maisbn.com\/portal\/wp-json\/wp\/v2\/tags?post=14875"}],"curies":[{"name":"wp","href":"https:\/\/api.w.org\/{rel}","templated":true}]}}