{"id":14851,"date":"2017-05-12T20:04:56","date_gmt":"2017-05-12T23:04:56","guid":{"rendered":"http:\/\/www.maisbn.com\/portal\/?p=14851"},"modified":"2017-05-12T20:04:56","modified_gmt":"2017-05-12T23:04:56","slug":"energia-eletrica-sera-instalada-na-comunidade-do-corrego-vermelho-em-julho","status":"publish","type":"post","link":"https:\/\/www.maisbn.com\/portal\/2017\/05\/energia-eletrica-sera-instalada-na-comunidade-do-corrego-vermelho-em-julho\/","title":{"rendered":"Energia El\u00e9trica ser\u00e1 instalada na comunidade do C\u00f3rrego Vermelho em Julho."},"content":{"rendered":"<p><a href=\"http:\/\/www.maisbn.com\/portal\/wp-content\/uploads\/2017\/05\/WhatsApp-Image-2017-05-11-at-2.57.12-PM.jpeg\"><img loading=\"lazy\" decoding=\"async\" class=\"aligncenter  wp-image-14852\" src=\"http:\/\/www.maisbn.com\/portal\/wp-content\/uploads\/2017\/05\/WhatsApp-Image-2017-05-11-at-2.57.12-PM-900x900.jpeg\" alt=\"WhatsApp Image 2017-05-11 at 2.57.12 PM\" width=\"598\" height=\"598\" srcset=\"https:\/\/www.maisbn.com\/portal\/wp-content\/uploads\/2017\/05\/WhatsApp-Image-2017-05-11-at-2.57.12-PM-900x900.jpeg 900w, https:\/\/www.maisbn.com\/portal\/wp-content\/uploads\/2017\/05\/WhatsApp-Image-2017-05-11-at-2.57.12-PM-1000x1000.jpeg 1000w, https:\/\/www.maisbn.com\/portal\/wp-content\/uploads\/2017\/05\/WhatsApp-Image-2017-05-11-at-2.57.12-PM.jpeg 1280w\" sizes=\"auto, (max-width: 598px) 100vw, 598px\" \/><\/a><\/p>\n<p>A Assessoria de Comunica\u00e7\u00e3o da Prefeitura Municipal de Belmonte informou nessa quinta-feira (11\/05) que o Superintendente de Energia do Estado Bahia, Dr. Celso Rodrigues, garantiu ao Deputado Estadual J\u00e2nio Natal e ao Prefeito Janival Borges que os servi\u00e7os de energia do povoado do C\u00f3rrego Vermelho ser\u00e3o iniciados em julho pr\u00f3ximo. Esses trabalhos estavam previstos para dezembro do ano passado, mas foram prorrogados para julho devido \u00e0 grande demanda de servi\u00e7os em atraso existentes no \u00f3rg\u00e3o. O superintendente ainda prometeu aos representantes belmontenses que far\u00e1 quest\u00e3o de comparecer \u00e0 inaugura\u00e7\u00e3o.<\/p>\n<p>Essa \u00e9 uma grande demanda daquela comunidade que agora est\u00e1 pr\u00f3xima de se tornar realidade. A Assessoria ainda divulgou que J\u00e2nio e Janival sa\u00edram da reuni\u00e3o felizes porque a popula\u00e7\u00e3o n\u00e3o aguentava mais esperar por essa importante conquista.<\/p>\n<p>&nbsp;<\/p>\n","protected":false},"excerpt":{"rendered":"<p>A Assessoria de Comunica\u00e7\u00e3o da Prefeitura Municipal de Belmonte informou nessa quinta-feira (11\/05) que o Superintendente de Energia do Estado Bahia, Dr. Celso Rodrigues, garantiu ao Deputado Estadual J\u00e2nio Natal e ao Prefeito Janival Borges que os servi\u00e7os de energia do povoado do C\u00f3rrego Vermelho ser\u00e3o iniciados em julho pr\u00f3ximo. Esses trabalhos estavam previstos para [&hellip;]<\/p>\n","protected":false},"author":7,"featured_media":14852,"comment_status":"open","ping_status":"open","sticky":false,"template":"","format":"standard","meta":{"footnotes":""},"categories":[45,1],"tags":[108],"class_list":["post-14851","post","type-post","status-publish","format-standard","has-post-thumbnail","hentry","category-cidades","category-noticias","tag-belmonte"],"_links":{"self":[{"href":"https:\/\/www.maisbn.com\/portal\/wp-json\/wp\/v2\/posts\/14851","targetHints":{"allow":["GET"]}}],"collection":[{"href":"https:\/\/www.maisbn.com\/portal\/wp-json\/wp\/v2\/posts"}],"about":[{"href":"https:\/\/www.maisbn.com\/portal\/wp-json\/wp\/v2\/types\/post"}],"author":[{"embeddable":true,"href":"https:\/\/www.maisbn.com\/portal\/wp-json\/wp\/v2\/users\/7"}],"replies":[{"embeddable":true,"href":"https:\/\/www.maisbn.com\/portal\/wp-json\/wp\/v2\/comments?post=14851"}],"version-history":[{"count":1,"href":"https:\/\/www.maisbn.com\/portal\/wp-json\/wp\/v2\/posts\/14851\/revisions"}],"predecessor-version":[{"id":14853,"href":"https:\/\/www.maisbn.com\/portal\/wp-json\/wp\/v2\/posts\/14851\/revisions\/14853"}],"wp:featuredmedia":[{"embeddable":true,"href":"https:\/\/www.maisbn.com\/portal\/wp-json\/wp\/v2\/media\/14852"}],"wp:attachment":[{"href":"https:\/\/www.maisbn.com\/portal\/wp-json\/wp\/v2\/media?parent=14851"}],"wp:term":[{"taxonomy":"category","embeddable":true,"href":"https:\/\/www.maisbn.com\/portal\/wp-json\/wp\/v2\/categories?post=14851"},{"taxonomy":"post_tag","embeddable":true,"href":"https:\/\/www.maisbn.com\/portal\/wp-json\/wp\/v2\/tags?post=14851"}],"curies":[{"name":"wp","href":"https:\/\/api.w.org\/{rel}","templated":true}]}}