{"id":14839,"date":"2017-05-10T10:25:19","date_gmt":"2017-05-10T13:25:19","guid":{"rendered":"http:\/\/www.maisbn.com\/portal\/?p=14839"},"modified":"2017-05-10T10:25:19","modified_gmt":"2017-05-10T13:25:19","slug":"deputado-janio-natal-e-o-prefeito-janival-pedem-recuperacao-do-predio-da-delegacia","status":"publish","type":"post","link":"https:\/\/www.maisbn.com\/portal\/2017\/05\/deputado-janio-natal-e-o-prefeito-janival-pedem-recuperacao-do-predio-da-delegacia\/","title":{"rendered":"Deputado J\u00e2nio Natal e o Prefeito Janival pedem recupera\u00e7\u00e3o do pr\u00e9dio da Delegacia."},"content":{"rendered":"<p><a href=\"http:\/\/www.maisbn.com\/portal\/wp-content\/uploads\/2017\/05\/recuperacaodelegacia00001.jpg\"><img loading=\"lazy\" decoding=\"async\" class=\"aligncenter size-full wp-image-14840\" src=\"http:\/\/www.maisbn.com\/portal\/wp-content\/uploads\/2017\/05\/recuperacaodelegacia00001.jpg\" alt=\"recuperacaodelegacia00001\" width=\"650\" height=\"412\" \/><\/a><\/p>\n<p>Nesta ter\u00e7a feira (09\/05), o Deputado Estadual J\u00e2nio Natal e o Prefeito de Belmonte, Janival Borges, estiver<span class=\"text_exposed_show\">am em audi\u00eancia com o Secret\u00e1rio de Seguran\u00e7a P\u00fablica, Dr. Mauricio Barbosa, para reivindicar a recupera\u00e7\u00e3o geral do pr\u00e9dio da Delegacia de Pol\u00edcia do munic\u00edpio de Belmonte que se encontra completamente deteriorado sem a m\u00ednima condi\u00e7\u00e3o de uso, tanto na \u00e1rea das celas, como na parte destinada \u00e0 administra\u00e7\u00e3o. <\/span><\/p>\n<p><span class=\"text_exposed_show\">Dr. Mauricio garantiu a ambos que ainda este m\u00eas enviar\u00e1 t\u00e9cnicos da Secretaria para que avaliem detalhadamente a situa\u00e7\u00e3o e garantiu que far\u00e1 a reforma geral solicitada. O Deputado e o Prefeito sa\u00edram confiantes na promessa do Secret\u00e1rio que demonstrou grande disposi\u00e7\u00e3o de resolver o problema.<\/span><\/p>\n","protected":false},"excerpt":{"rendered":"<p>Nesta ter\u00e7a feira (09\/05), o Deputado Estadual J\u00e2nio Natal e o Prefeito de Belmonte, Janival Borges, estiveram em audi\u00eancia com o Secret\u00e1rio de Seguran\u00e7a P\u00fablica, Dr. Mauricio Barbosa, para reivindicar a recupera\u00e7\u00e3o geral do pr\u00e9dio da Delegacia de Pol\u00edcia do munic\u00edpio de Belmonte que se encontra completamente deteriorado sem a m\u00ednima condi\u00e7\u00e3o de uso, tanto [&hellip;]<\/p>\n","protected":false},"author":7,"featured_media":14840,"comment_status":"open","ping_status":"open","sticky":false,"template":"","format":"standard","meta":{"footnotes":""},"categories":[1,7],"tags":[108],"class_list":["post-14839","post","type-post","status-publish","format-standard","has-post-thumbnail","hentry","category-noticias","category-politica","tag-belmonte"],"_links":{"self":[{"href":"https:\/\/www.maisbn.com\/portal\/wp-json\/wp\/v2\/posts\/14839","targetHints":{"allow":["GET"]}}],"collection":[{"href":"https:\/\/www.maisbn.com\/portal\/wp-json\/wp\/v2\/posts"}],"about":[{"href":"https:\/\/www.maisbn.com\/portal\/wp-json\/wp\/v2\/types\/post"}],"author":[{"embeddable":true,"href":"https:\/\/www.maisbn.com\/portal\/wp-json\/wp\/v2\/users\/7"}],"replies":[{"embeddable":true,"href":"https:\/\/www.maisbn.com\/portal\/wp-json\/wp\/v2\/comments?post=14839"}],"version-history":[{"count":1,"href":"https:\/\/www.maisbn.com\/portal\/wp-json\/wp\/v2\/posts\/14839\/revisions"}],"predecessor-version":[{"id":14841,"href":"https:\/\/www.maisbn.com\/portal\/wp-json\/wp\/v2\/posts\/14839\/revisions\/14841"}],"wp:featuredmedia":[{"embeddable":true,"href":"https:\/\/www.maisbn.com\/portal\/wp-json\/wp\/v2\/media\/14840"}],"wp:attachment":[{"href":"https:\/\/www.maisbn.com\/portal\/wp-json\/wp\/v2\/media?parent=14839"}],"wp:term":[{"taxonomy":"category","embeddable":true,"href":"https:\/\/www.maisbn.com\/portal\/wp-json\/wp\/v2\/categories?post=14839"},{"taxonomy":"post_tag","embeddable":true,"href":"https:\/\/www.maisbn.com\/portal\/wp-json\/wp\/v2\/tags?post=14839"}],"curies":[{"name":"wp","href":"https:\/\/api.w.org\/{rel}","templated":true}]}}