{"id":14831,"date":"2017-05-09T22:40:00","date_gmt":"2017-05-10T01:40:00","guid":{"rendered":"http:\/\/www.maisbn.com\/portal\/?p=14831"},"modified":"2017-05-09T22:40:00","modified_gmt":"2017-05-10T01:40:00","slug":"policia-militar-e-conselho-tutelar-resgatam-menor-que-tinha-fugido-de-casa-em-belmonte","status":"publish","type":"post","link":"https:\/\/www.maisbn.com\/portal\/2017\/05\/policia-militar-e-conselho-tutelar-resgatam-menor-que-tinha-fugido-de-casa-em-belmonte\/","title":{"rendered":"Pol\u00edcia Militar e Conselho Tutelar resgatam menor que tinha fugido de casa em Belmonte."},"content":{"rendered":"<p><a href=\"http:\/\/www.maisbn.com\/portal\/wp-content\/uploads\/2017\/05\/meninaresgatada00002.jpg\"><img loading=\"lazy\" decoding=\"async\" class=\"aligncenter size-full wp-image-14832\" src=\"http:\/\/www.maisbn.com\/portal\/wp-content\/uploads\/2017\/05\/meninaresgatada00002.jpg\" alt=\"meninaresgatada00002\" width=\"650\" height=\"412\" \/><\/a><\/p>\n<p>A Pol\u00edcia Militar de Belmonte, juntamente com o Conselho Tutelar da cidade, conseguiu resgatar uma menor de idade que tinha fugido de casa e estava sendo procurada pela fam\u00edlia. Os policiais e os conselheiros chegaram \u00e0 menor atrav\u00e9s de uma den\u00fancia de que a mesma, na tarde dessa ter\u00e7a-feira (09\/05), estava perambulando \u00e0s margens da BA-001.<\/p>\n<p><a href=\"http:\/\/www.maisbn.com\/portal\/wp-content\/uploads\/2017\/05\/meninaresgatada00001.jpg\"><img loading=\"lazy\" decoding=\"async\" class=\"aligncenter size-full wp-image-14833\" src=\"http:\/\/www.maisbn.com\/portal\/wp-content\/uploads\/2017\/05\/meninaresgatada00001.jpg\" alt=\"meninaresgatada00001\" width=\"650\" height=\"412\" \/><\/a><\/p>\n<p>Ao chegar ao local a menor foi encontrada dentro de um matagal e exibia sinais de fraqueza tendo que ser conduzida no colo at\u00e9 a viatura do Conselho Tutelar que a levou para o Hospital Dr. Jos\u00e9 da Costa Pinto Dantas onde foi examinada e depois devolvida \u00e0 fam\u00edlia.<\/p>\n","protected":false},"excerpt":{"rendered":"<p>A Pol\u00edcia Militar de Belmonte, juntamente com o Conselho Tutelar da cidade, conseguiu resgatar uma menor de idade que tinha fugido de casa e estava sendo procurada pela fam\u00edlia. Os policiais e os conselheiros chegaram \u00e0 menor atrav\u00e9s de uma den\u00fancia de que a mesma, na tarde dessa ter\u00e7a-feira (09\/05), estava perambulando \u00e0s margens da [&hellip;]<\/p>\n","protected":false},"author":7,"featured_media":14832,"comment_status":"open","ping_status":"open","sticky":false,"template":"","format":"standard","meta":{"footnotes":""},"categories":[45,1],"tags":[108],"class_list":["post-14831","post","type-post","status-publish","format-standard","has-post-thumbnail","hentry","category-cidades","category-noticias","tag-belmonte"],"_links":{"self":[{"href":"https:\/\/www.maisbn.com\/portal\/wp-json\/wp\/v2\/posts\/14831","targetHints":{"allow":["GET"]}}],"collection":[{"href":"https:\/\/www.maisbn.com\/portal\/wp-json\/wp\/v2\/posts"}],"about":[{"href":"https:\/\/www.maisbn.com\/portal\/wp-json\/wp\/v2\/types\/post"}],"author":[{"embeddable":true,"href":"https:\/\/www.maisbn.com\/portal\/wp-json\/wp\/v2\/users\/7"}],"replies":[{"embeddable":true,"href":"https:\/\/www.maisbn.com\/portal\/wp-json\/wp\/v2\/comments?post=14831"}],"version-history":[{"count":1,"href":"https:\/\/www.maisbn.com\/portal\/wp-json\/wp\/v2\/posts\/14831\/revisions"}],"predecessor-version":[{"id":14834,"href":"https:\/\/www.maisbn.com\/portal\/wp-json\/wp\/v2\/posts\/14831\/revisions\/14834"}],"wp:featuredmedia":[{"embeddable":true,"href":"https:\/\/www.maisbn.com\/portal\/wp-json\/wp\/v2\/media\/14832"}],"wp:attachment":[{"href":"https:\/\/www.maisbn.com\/portal\/wp-json\/wp\/v2\/media?parent=14831"}],"wp:term":[{"taxonomy":"category","embeddable":true,"href":"https:\/\/www.maisbn.com\/portal\/wp-json\/wp\/v2\/categories?post=14831"},{"taxonomy":"post_tag","embeddable":true,"href":"https:\/\/www.maisbn.com\/portal\/wp-json\/wp\/v2\/tags?post=14831"}],"curies":[{"name":"wp","href":"https:\/\/api.w.org\/{rel}","templated":true}]}}