{"id":14829,"date":"2017-05-09T22:04:36","date_gmt":"2017-05-10T01:04:36","guid":{"rendered":"http:\/\/www.maisbn.com\/portal\/?p=14829"},"modified":"2017-05-09T22:04:36","modified_gmt":"2017-05-10T01:04:36","slug":"edital-de-concurso-para-pm-e-bombeiros-sera-publicado-nesta-quarta-feira","status":"publish","type":"post","link":"https:\/\/www.maisbn.com\/portal\/2017\/05\/edital-de-concurso-para-pm-e-bombeiros-sera-publicado-nesta-quarta-feira\/","title":{"rendered":"Edital de concurso para PM e Bombeiros ser\u00e1 publicado nesta quarta-feira."},"content":{"rendered":"<p><iframe loading=\"lazy\" style=\"overflow: hidden;\" src=\"https:\/\/www.facebook.com\/plugins\/video.php?href=https%3A%2F%2Fwww.facebook.com%2Fruicostaoficial%2Fvideos%2F1065424616923015%2F&amp;show_text=0&amp;width=560\" width=\"560\" height=\"315\" frameborder=\"0\" scrolling=\"no\" allowfullscreen=\"allowfullscreen\"><\/iframe><\/p>\n<p><span style=\"color: #000000;\">O governador Rui Costa declarou que o edital com as regras para o concurso p\u00fablico que vai abrir 2.750 vagas para a Pol\u00edcia Militar e o Corpo de Bombeiros ser\u00e1 publicado na edi\u00e7\u00e3o desta quarta-feira (9) do Di\u00e1rio Oficial do Estado.<\/span><\/p>\n<p><span style=\"color: #000000;\">O an\u00fancio foi feito por meio de uma transmiss\u00e3o no Facebook durante a noite desta ter\u00e7a. &#8220;Eu sei que a turma estava acompanhando com muita ansiedade todos esses dias j\u00e1 que o compromisso era no m\u00eas de abril, mas saiu agora, dia 10 de maio&#8221;, afirmou o governador no v\u00eddeo. De acordo com o governo estadual, ser\u00e3o ofertadas, ao todo, 2 mil vagas para soldados da PM e 750 para o Corpo de Bombeiros.<\/span><\/p>\n<p><span style=\"color: #000000;\">A remunera\u00e7\u00e3o, composta de soldo e gratifica\u00e7\u00e3o, \u00e9 de R$ 2.484 (30h) e de R$ 3.019 (40h) tanto para a Pol\u00edcia Militar como para os bombeiros. Quanto \u00e0 escolaridade, os candidatos devem ter o n\u00edvel m\u00e9dio conclu\u00eddo. O concurso p\u00fablico ser\u00e1 organizado pelo Instituto Brasileiro de Forma\u00e7\u00e3o e Capacita\u00e7\u00e3o (IBFC).<\/span><\/p>\n","protected":false},"excerpt":{"rendered":"<p>O governador Rui Costa declarou que o edital com as regras para o concurso p\u00fablico que vai abrir 2.750 vagas para a Pol\u00edcia Militar e o Corpo de Bombeiros ser\u00e1 publicado na edi\u00e7\u00e3o desta quarta-feira (9) do Di\u00e1rio Oficial do Estado. O an\u00fancio foi feito por meio de uma transmiss\u00e3o no Facebook durante a noite [&hellip;]<\/p>\n","protected":false},"author":7,"featured_media":10561,"comment_status":"open","ping_status":"open","sticky":false,"template":"","format":"standard","meta":{"footnotes":""},"categories":[9,1],"tags":[108],"class_list":["post-14829","post","type-post","status-publish","format-standard","has-post-thumbnail","hentry","category-concursos-oportunidades","category-noticias","tag-belmonte"],"_links":{"self":[{"href":"https:\/\/www.maisbn.com\/portal\/wp-json\/wp\/v2\/posts\/14829","targetHints":{"allow":["GET"]}}],"collection":[{"href":"https:\/\/www.maisbn.com\/portal\/wp-json\/wp\/v2\/posts"}],"about":[{"href":"https:\/\/www.maisbn.com\/portal\/wp-json\/wp\/v2\/types\/post"}],"author":[{"embeddable":true,"href":"https:\/\/www.maisbn.com\/portal\/wp-json\/wp\/v2\/users\/7"}],"replies":[{"embeddable":true,"href":"https:\/\/www.maisbn.com\/portal\/wp-json\/wp\/v2\/comments?post=14829"}],"version-history":[{"count":1,"href":"https:\/\/www.maisbn.com\/portal\/wp-json\/wp\/v2\/posts\/14829\/revisions"}],"predecessor-version":[{"id":14830,"href":"https:\/\/www.maisbn.com\/portal\/wp-json\/wp\/v2\/posts\/14829\/revisions\/14830"}],"wp:featuredmedia":[{"embeddable":true,"href":"https:\/\/www.maisbn.com\/portal\/wp-json\/wp\/v2\/media\/10561"}],"wp:attachment":[{"href":"https:\/\/www.maisbn.com\/portal\/wp-json\/wp\/v2\/media?parent=14829"}],"wp:term":[{"taxonomy":"category","embeddable":true,"href":"https:\/\/www.maisbn.com\/portal\/wp-json\/wp\/v2\/categories?post=14829"},{"taxonomy":"post_tag","embeddable":true,"href":"https:\/\/www.maisbn.com\/portal\/wp-json\/wp\/v2\/tags?post=14829"}],"curies":[{"name":"wp","href":"https:\/\/api.w.org\/{rel}","templated":true}]}}