{"id":14814,"date":"2017-05-08T22:05:28","date_gmt":"2017-05-09T01:05:28","guid":{"rendered":"http:\/\/www.maisbn.com\/portal\/?p=14814"},"modified":"2017-05-08T22:05:28","modified_gmt":"2017-05-09T01:05:28","slug":"deputado-janio-natal-leva-projeto-da-adefiba-para-ser-apresentado-na-assembleia-legislativa","status":"publish","type":"post","link":"https:\/\/www.maisbn.com\/portal\/2017\/05\/deputado-janio-natal-leva-projeto-da-adefiba-para-ser-apresentado-na-assembleia-legislativa\/","title":{"rendered":"Deputado J\u00e2nio Natal leva projeto da ADEFIBA para ser apresentado na Assembleia Legislativa."},"content":{"rendered":"<p><a href=\"http:\/\/www.maisbn.com\/portal\/wp-content\/uploads\/2017\/05\/projeto_adefiba00001.jpg\"><img loading=\"lazy\" decoding=\"async\" class=\"aligncenter size-full wp-image-14815\" src=\"http:\/\/www.maisbn.com\/portal\/wp-content\/uploads\/2017\/05\/projeto_adefiba00001.jpg\" alt=\"projeto_adefiba00001\" width=\"650\" height=\"412\" \/><\/a><\/p>\n<p>A Associa\u00e7\u00e3o dos Deficientes F\u00edsicos e Moradores de Barrol\u00e2ndia (ADEFIBA) agradeceu nessa segunda-feira (08\/05) ao Deputado Estadual J\u00e2nio Natal por ter levado o projeto de Habilita\u00e7\u00e3o e Reabilita\u00e7\u00e3o dos deficientes para ser apresentado na Assembleia Legislativa da Bahia.<\/p>\n<p>O Presidente da C\u00e2mara de Vereadores, Aelson Matos, fez a entrega do projeto ao Deputado que ainda \u00e9 apoiado pelos vereadores Armando, Keke, Dudu e Beto. A entidade ainda informou que agora espera o andamento dos trabalhos que dever\u00e3o beneficiar diversas pessoas que passam por necessidades no Distrito de Barrol\u00e2ndia.<\/p>\n","protected":false},"excerpt":{"rendered":"<p>A Associa\u00e7\u00e3o dos Deficientes F\u00edsicos e Moradores de Barrol\u00e2ndia (ADEFIBA) agradeceu nessa segunda-feira (08\/05) ao Deputado Estadual J\u00e2nio Natal por ter levado o projeto de Habilita\u00e7\u00e3o e Reabilita\u00e7\u00e3o dos deficientes para ser apresentado na Assembleia Legislativa da Bahia. O Presidente da C\u00e2mara de Vereadores, Aelson Matos, fez a entrega do projeto ao Deputado que ainda [&hellip;]<\/p>\n","protected":false},"author":7,"featured_media":14815,"comment_status":"open","ping_status":"open","sticky":false,"template":"","format":"standard","meta":{"footnotes":""},"categories":[1,7],"tags":[108],"class_list":["post-14814","post","type-post","status-publish","format-standard","has-post-thumbnail","hentry","category-noticias","category-politica","tag-belmonte"],"_links":{"self":[{"href":"https:\/\/www.maisbn.com\/portal\/wp-json\/wp\/v2\/posts\/14814","targetHints":{"allow":["GET"]}}],"collection":[{"href":"https:\/\/www.maisbn.com\/portal\/wp-json\/wp\/v2\/posts"}],"about":[{"href":"https:\/\/www.maisbn.com\/portal\/wp-json\/wp\/v2\/types\/post"}],"author":[{"embeddable":true,"href":"https:\/\/www.maisbn.com\/portal\/wp-json\/wp\/v2\/users\/7"}],"replies":[{"embeddable":true,"href":"https:\/\/www.maisbn.com\/portal\/wp-json\/wp\/v2\/comments?post=14814"}],"version-history":[{"count":1,"href":"https:\/\/www.maisbn.com\/portal\/wp-json\/wp\/v2\/posts\/14814\/revisions"}],"predecessor-version":[{"id":14816,"href":"https:\/\/www.maisbn.com\/portal\/wp-json\/wp\/v2\/posts\/14814\/revisions\/14816"}],"wp:featuredmedia":[{"embeddable":true,"href":"https:\/\/www.maisbn.com\/portal\/wp-json\/wp\/v2\/media\/14815"}],"wp:attachment":[{"href":"https:\/\/www.maisbn.com\/portal\/wp-json\/wp\/v2\/media?parent=14814"}],"wp:term":[{"taxonomy":"category","embeddable":true,"href":"https:\/\/www.maisbn.com\/portal\/wp-json\/wp\/v2\/categories?post=14814"},{"taxonomy":"post_tag","embeddable":true,"href":"https:\/\/www.maisbn.com\/portal\/wp-json\/wp\/v2\/tags?post=14814"}],"curies":[{"name":"wp","href":"https:\/\/api.w.org\/{rel}","templated":true}]}}