{"id":14790,"date":"2017-05-06T17:34:40","date_gmt":"2017-05-06T20:34:40","guid":{"rendered":"http:\/\/www.maisbn.com\/portal\/?p=14790"},"modified":"2017-05-06T17:45:20","modified_gmt":"2017-05-06T20:45:20","slug":"liderancas-de-belmonte-marcam-presenca-em-evento-de-mudanca-do-ptn","status":"publish","type":"post","link":"https:\/\/www.maisbn.com\/portal\/2017\/05\/liderancas-de-belmonte-marcam-presenca-em-evento-de-mudanca-do-ptn\/","title":{"rendered":"Lideran\u00e7as de Belmonte marcam presen\u00e7a em evento de mudan\u00e7a do PTN."},"content":{"rendered":"<p><a href=\"http:\/\/www.maisbn.com\/portal\/wp-content\/uploads\/2017\/05\/evento_ptn00009.jpg\"><img loading=\"lazy\" decoding=\"async\" class=\"aligncenter size-full wp-image-14791\" src=\"http:\/\/www.maisbn.com\/portal\/wp-content\/uploads\/2017\/05\/evento_ptn00009.jpg\" alt=\"evento_ptn00009\" width=\"650\" height=\"412\" \/><\/a><\/p>\n<p>Acompanhado pelo Presidente da C\u00e2mara de Belmonte Aelson Matos, pelo Vice-presidente Alfredo Aberceb\u00a0 e os vereadores Dudu, Keke, Armando, Nalva, Beto, Daco, Idinho e Rog\u00e9rio Bahia, o Prefeito Janival compareceu, nesta sexta-feira (05\/05) ao evento pol\u00edtico que marcou a mudan\u00e7a da marca e do nome do partido PTN-19, ao qual ele e seu irm\u00e3o, o Deputado Estadual J\u00e2nio Natal, s\u00e3o filiados.<\/p>\n<p><a href=\"http:\/\/www.maisbn.com\/portal\/wp-content\/uploads\/2017\/05\/evento_ptn00005.jpg\"><img loading=\"lazy\" decoding=\"async\" class=\"aligncenter size-full wp-image-14792\" src=\"http:\/\/www.maisbn.com\/portal\/wp-content\/uploads\/2017\/05\/evento_ptn00005.jpg\" alt=\"evento_ptn00005\" width=\"650\" height=\"412\" \/><\/a><\/p>\n<p>A solenidade foi realizada em Salvador, na Assembleia Legislativa da Bahia, e contou com a presen\u00e7a de diversas autoridades, entre as quais o governador Rui Costa, os deputados federais Renata Abreu e Bacelar, que s\u00e3o respectivamente presidentes nacional e estadual do partido, o ex-ministro e ex-governador Jacques Wagner, o presidente e o ex-presidente da Assembleia Legislativa, \u00c2ngelo Coronel e Marcelo Nilo, os deputados estaduais J\u00e2nio Natal e Alex Lima, al\u00e9m de prefeitos e vereadores de diversos munic\u00edpios baianos.<\/p>\n<p><a href=\"http:\/\/www.maisbn.com\/portal\/wp-content\/uploads\/2017\/05\/evento_ptn00006.jpg\"><img loading=\"lazy\" decoding=\"async\" class=\"aligncenter size-full wp-image-14795\" src=\"http:\/\/www.maisbn.com\/portal\/wp-content\/uploads\/2017\/05\/evento_ptn00006.jpg\" alt=\"evento_ptn00006\" width=\"650\" height=\"412\" \/><\/a><\/p>\n<p>O partido, que agora passa a chamar-se PODEMOS, \u00e9 o que mais cresce na Bahia e mais uma vez mostrou a sua for\u00e7a, reunindo um numeroso p\u00fablico para prestigiar o evento. Felizes com o sucesso, Janival e J\u00e2nio Natal reiteraram a sua confian\u00e7a no governador Rui Costa e nos demais aliados pol\u00edticos: \u201cTenho certeza de que contaremos com o apoio de todos, para construir uma Belmonte melhor, onde nosso povo viva melhor!\u201d, declarou o Prefeito Janival.<\/p>\n<p><a href=\"http:\/\/www.maisbn.com\/portal\/wp-content\/uploads\/2017\/05\/mosaico_eventoPTN1.jpg\"><img loading=\"lazy\" decoding=\"async\" class=\"aligncenter size-full wp-image-14796\" src=\"http:\/\/www.maisbn.com\/portal\/wp-content\/uploads\/2017\/05\/mosaico_eventoPTN1.jpg\" alt=\"mosaico_eventoPTN\" width=\"700\" height=\"450\" \/><\/a><\/p>\n<p>Quem tamb\u00e9m conversou com nossa reportagem foi o Presidente da C\u00e2mara de Vereadores Aelson Matos. O chefe do legislativo belmontense comentou que acompanhou J\u00e2nio e Janival no evento para mostrar que os poderes pol\u00edticos de Belmonte est\u00e3o unidos na busca de melhorias para o munic\u00edpio. &#8220;N\u00f3s estamos aqui fortalecendo o Deputado J\u00e2nio Natal e o Prefeito Janival. Estamos dando o recado que eles tem a representatividade do povo belmontense. Isso \u00e9 muito importante na hora de buscar recursos estaduais e federais para a nossa cidade.&#8221; &#8211; Comentou Aelson Matos.<\/p>\n<p><a href=\"http:\/\/www.maisbn.com\/portal\/wp-content\/uploads\/2017\/05\/evento_ptn00014.jpg\"><img loading=\"lazy\" decoding=\"async\" class=\"aligncenter size-full wp-image-14797\" src=\"http:\/\/www.maisbn.com\/portal\/wp-content\/uploads\/2017\/05\/evento_ptn00014.jpg\" alt=\"evento_ptn00014\" width=\"650\" height=\"412\" \/><\/a><\/p>\n<p>O vereador Alfredo Aberceb tamb\u00e9m falou com nossa equipe e colocou que foi importante os diversos entes pol\u00edticos de Belmonte estarem presentes. &#8220;N\u00f3s mostramos a cara de Belmonte e mostramos que estamos dispostos a defender os interesses de nosso munic\u00edpio. Conversamos com diversas lideran\u00e7as pol\u00edticas e o principal objetivo de todos os vereadores que est\u00e3o aqui \u00e9 criar parcerias para ajudar o nosso Deputado e o nosso Prefeito a trazer recursos para Belmonte.&#8221; &#8211; Informou Alfredo.<\/p>\n","protected":false},"excerpt":{"rendered":"<p>Acompanhado pelo Presidente da C\u00e2mara de Belmonte Aelson Matos, pelo Vice-presidente Alfredo Aberceb\u00a0 e os vereadores Dudu, Keke, Armando, Nalva, Beto, Daco, Idinho e Rog\u00e9rio Bahia, o Prefeito Janival compareceu, nesta sexta-feira (05\/05) ao evento pol\u00edtico que marcou a mudan\u00e7a da marca e do nome do partido PTN-19, ao qual ele e seu irm\u00e3o, o [&hellip;]<\/p>\n","protected":false},"author":7,"featured_media":14791,"comment_status":"open","ping_status":"open","sticky":false,"template":"","format":"standard","meta":{"footnotes":""},"categories":[1,7],"tags":[108],"class_list":["post-14790","post","type-post","status-publish","format-standard","has-post-thumbnail","hentry","category-noticias","category-politica","tag-belmonte"],"_links":{"self":[{"href":"https:\/\/www.maisbn.com\/portal\/wp-json\/wp\/v2\/posts\/14790","targetHints":{"allow":["GET"]}}],"collection":[{"href":"https:\/\/www.maisbn.com\/portal\/wp-json\/wp\/v2\/posts"}],"about":[{"href":"https:\/\/www.maisbn.com\/portal\/wp-json\/wp\/v2\/types\/post"}],"author":[{"embeddable":true,"href":"https:\/\/www.maisbn.com\/portal\/wp-json\/wp\/v2\/users\/7"}],"replies":[{"embeddable":true,"href":"https:\/\/www.maisbn.com\/portal\/wp-json\/wp\/v2\/comments?post=14790"}],"version-history":[{"count":4,"href":"https:\/\/www.maisbn.com\/portal\/wp-json\/wp\/v2\/posts\/14790\/revisions"}],"predecessor-version":[{"id":14803,"href":"https:\/\/www.maisbn.com\/portal\/wp-json\/wp\/v2\/posts\/14790\/revisions\/14803"}],"wp:featuredmedia":[{"embeddable":true,"href":"https:\/\/www.maisbn.com\/portal\/wp-json\/wp\/v2\/media\/14791"}],"wp:attachment":[{"href":"https:\/\/www.maisbn.com\/portal\/wp-json\/wp\/v2\/media?parent=14790"}],"wp:term":[{"taxonomy":"category","embeddable":true,"href":"https:\/\/www.maisbn.com\/portal\/wp-json\/wp\/v2\/categories?post=14790"},{"taxonomy":"post_tag","embeddable":true,"href":"https:\/\/www.maisbn.com\/portal\/wp-json\/wp\/v2\/tags?post=14790"}],"curies":[{"name":"wp","href":"https:\/\/api.w.org\/{rel}","templated":true}]}}