{"id":14771,"date":"2017-05-05T08:38:59","date_gmt":"2017-05-05T11:38:59","guid":{"rendered":"http:\/\/www.maisbn.com\/portal\/?p=14771"},"modified":"2017-05-05T09:09:54","modified_gmt":"2017-05-05T12:09:54","slug":"secretario-de-saude-de-belmonte-participa-de-congresso-em-porto-seguro","status":"publish","type":"post","link":"https:\/\/www.maisbn.com\/portal\/2017\/05\/secretario-de-saude-de-belmonte-participa-de-congresso-em-porto-seguro\/","title":{"rendered":"Secret\u00e1rio de Sa\u00fade de Belmonte participa de congresso em Porto Seguro."},"content":{"rendered":"<div><a href=\"http:\/\/www.maisbn.com\/portal\/wp-content\/uploads\/2017\/05\/800-696x461.jpeg\"><img loading=\"lazy\" decoding=\"async\" class=\"aligncenter wp-image-14772\" src=\"http:\/\/www.maisbn.com\/portal\/wp-content\/uploads\/2017\/05\/800-696x461.jpeg\" alt=\"800-696x461\" width=\"636\" height=\"421\" \/><\/a><\/div>\n<div><em><strong>Na foto: Tarcio Lapa de Belmonte,\u00a0 Edna secretaria de Porto Seguro,\u00a0 Leopoldo de itagimirim e Davi de Itapebi<\/strong><\/em><\/div>\n<div><\/div>\n<div>O Secret\u00e1rio de Sa\u00fade de Belmonte, Tarcio Lapa est\u00e1 em Porto Seguro participando do 5\u00ba Congresso Norte Nordeste de Sa\u00fade, o encontro re\u00fane secret\u00e1rios e profissionais de sa\u00fade de 16 estados. Para o secret\u00e1rio Tarcio, participar dos quatro dias do evento (03 \u00e0 06\/05) que vai\u00a0al\u00e9m a capacita\u00e7\u00e3o e fortalecimento do SUS, \u00e9 uma oportunidade de conhecer secret\u00e1rios de v\u00e1rios estados, e poder adquirir experi\u00eancias em beneficio da sa\u00fade em Belmonte.<\/div>\n<div><\/div>\n<div><a href=\"http:\/\/www.maisbn.com\/portal\/wp-content\/uploads\/2017\/05\/congresso01.jpg\"><img loading=\"lazy\" decoding=\"async\" class=\"aligncenter wp-image-14778 \" src=\"http:\/\/www.maisbn.com\/portal\/wp-content\/uploads\/2017\/05\/congresso01-1000x773.jpg\" alt=\"congresso01\" width=\"599\" height=\"463\" \/><\/a><\/div>\n<div><\/div>\n<div><\/div>\n<div><\/div>\n<div>\n<div><strong><a href=\"http:\/\/www.maisbn.com\/portal\/wp-content\/uploads\/2017\/05\/congresso02.jpg\"><img loading=\"lazy\" decoding=\"async\" class=\" wp-image-14779 alignleft\" src=\"http:\/\/www.maisbn.com\/portal\/wp-content\/uploads\/2017\/05\/congresso02-900x900.jpg\" alt=\"congresso02\" width=\"276\" height=\"276\" srcset=\"https:\/\/www.maisbn.com\/portal\/wp-content\/uploads\/2017\/05\/congresso02-900x900.jpg 900w, https:\/\/www.maisbn.com\/portal\/wp-content\/uploads\/2017\/05\/congresso02-1000x1000.jpg 1000w, https:\/\/www.maisbn.com\/portal\/wp-content\/uploads\/2017\/05\/congresso02.jpg 1280w\" sizes=\"auto, (max-width: 276px) 100vw, 276px\" \/><\/a>Programa\u00e7\u00e3o<\/strong><\/div>\n<div><\/div>\n<div>A solenidade contou com a confer\u00eancia magna sobre o tema principal do evento, ministrada pelo presidente do Conselho Nacional dos Secret\u00e1rios Municipais de Sa\u00fade (Conasems), Mauro Junqueira, e com o lan\u00e7amento do Projeto Apoiador Regional. Durante os quatros dias de programa\u00e7\u00e3o ser\u00e3o realizadas oficinas abordando eixos de discuss\u00f5es como Aten\u00e7\u00e3o B\u00e1sica, qualifica\u00e7\u00e3o, Programa Mais M\u00e9dicos, SUS Legal e as novas formas de financiamento do SUS com flexibilidade e modifica\u00e7\u00e3o do formato t\u00e9cnico.<\/div>\n<div><\/div>\n<div><\/div>\n<div><\/div>\n<div>O evento visa beneficiar os 2.243 munic\u00edpios participantes, representando 16 estados do Norte e Nordeste, fortalecendo pol\u00edticas p\u00fablicas voltadas ao Sistema \u00danico de Sa\u00fade. Para o secret\u00e1rio estadual de Sa\u00fade, F\u00e1bio Vilas Boas, \u201cPorto Seguro est\u00e1 de parab\u00e9ns por abrir suas portas buscando o fortalecimento das pol\u00edticas p\u00fablicas na administra\u00e7\u00e3o do Sus no sentido do protagonismo municipal junto \u00e0s esferas estaduais e nacionais, bem como, propiciar-nos a este debate levando mais orienta\u00e7\u00f5es e capacita\u00e7\u00f5es aos gestores de sa\u00fade do Norte e Nordeste\u201d, afirma.<\/div>\n<\/div>\n<div><\/div>\n<div><\/div>\n<div><\/div>\n<div><\/div>\n<div><\/div>\n","protected":false},"excerpt":{"rendered":"<p>Na foto: Tarcio Lapa de Belmonte,\u00a0 Edna secretaria de Porto Seguro,\u00a0 Leopoldo de itagimirim e Davi de Itapebi O Secret\u00e1rio de Sa\u00fade de Belmonte, Tarcio Lapa est\u00e1 em Porto Seguro participando do 5\u00ba Congresso Norte Nordeste de Sa\u00fade, o encontro re\u00fane secret\u00e1rios e profissionais de sa\u00fade de 16 estados. Para o secret\u00e1rio Tarcio, participar dos [&hellip;]<\/p>\n","protected":false},"author":7,"featured_media":14772,"comment_status":"open","ping_status":"open","sticky":false,"template":"","format":"standard","meta":{"footnotes":""},"categories":[1,28],"tags":[108],"class_list":["post-14771","post","type-post","status-publish","format-standard","has-post-thumbnail","hentry","category-noticias","category-saude-noticias","tag-belmonte"],"_links":{"self":[{"href":"https:\/\/www.maisbn.com\/portal\/wp-json\/wp\/v2\/posts\/14771","targetHints":{"allow":["GET"]}}],"collection":[{"href":"https:\/\/www.maisbn.com\/portal\/wp-json\/wp\/v2\/posts"}],"about":[{"href":"https:\/\/www.maisbn.com\/portal\/wp-json\/wp\/v2\/types\/post"}],"author":[{"embeddable":true,"href":"https:\/\/www.maisbn.com\/portal\/wp-json\/wp\/v2\/users\/7"}],"replies":[{"embeddable":true,"href":"https:\/\/www.maisbn.com\/portal\/wp-json\/wp\/v2\/comments?post=14771"}],"version-history":[{"count":10,"href":"https:\/\/www.maisbn.com\/portal\/wp-json\/wp\/v2\/posts\/14771\/revisions"}],"predecessor-version":[{"id":14785,"href":"https:\/\/www.maisbn.com\/portal\/wp-json\/wp\/v2\/posts\/14771\/revisions\/14785"}],"wp:featuredmedia":[{"embeddable":true,"href":"https:\/\/www.maisbn.com\/portal\/wp-json\/wp\/v2\/media\/14772"}],"wp:attachment":[{"href":"https:\/\/www.maisbn.com\/portal\/wp-json\/wp\/v2\/media?parent=14771"}],"wp:term":[{"taxonomy":"category","embeddable":true,"href":"https:\/\/www.maisbn.com\/portal\/wp-json\/wp\/v2\/categories?post=14771"},{"taxonomy":"post_tag","embeddable":true,"href":"https:\/\/www.maisbn.com\/portal\/wp-json\/wp\/v2\/tags?post=14771"}],"curies":[{"name":"wp","href":"https:\/\/api.w.org\/{rel}","templated":true}]}}