{"id":14748,"date":"2017-05-03T19:50:13","date_gmt":"2017-05-03T22:50:13","guid":{"rendered":"http:\/\/www.maisbn.com\/portal\/?p=14748"},"modified":"2017-05-03T19:50:13","modified_gmt":"2017-05-03T22:50:13","slug":"agricultores-e-prefeitura-se-reunem-para-organizar-o-fornecimento-para-a-merenda-escolar","status":"publish","type":"post","link":"https:\/\/www.maisbn.com\/portal\/2017\/05\/agricultores-e-prefeitura-se-reunem-para-organizar-o-fornecimento-para-a-merenda-escolar\/","title":{"rendered":"Agricultores e Prefeitura se re\u00fanem para organizar o fornecimento para a merenda escolar."},"content":{"rendered":"<p><a href=\"http:\/\/www.maisbn.com\/portal\/wp-content\/uploads\/2017\/05\/agricultores00004.jpg\"><img loading=\"lazy\" decoding=\"async\" class=\"aligncenter size-full wp-image-14749\" src=\"http:\/\/www.maisbn.com\/portal\/wp-content\/uploads\/2017\/05\/agricultores00004.jpg\" alt=\"agricultores00004\" width=\"650\" height=\"412\" \/><\/a><\/p>\n<p>Na manh\u00e3 desta quarta-feira (02), diretoria e associados da AABR &#8211; Associa\u00e7\u00e3o dos Agricultores de Belmonte e Regi\u00e3o, juntamente com o Secret\u00e1rio de Agricultura Francisco, Belmiro respons\u00e1vel pela merenda escolar e Jaqueline nutricionista da Secretaria de Educa\u00e7\u00e3o discutiram as melhores estrat\u00e9gias para venda e compra de produtos da agricultura familiar para atender a rede municipal de Ensino de Belmonte.<\/p>\n<p><a href=\"http:\/\/www.maisbn.com\/portal\/wp-content\/uploads\/2017\/05\/agricultores00006.jpg\"><img loading=\"lazy\" decoding=\"async\" class=\"aligncenter size-full wp-image-14750\" src=\"http:\/\/www.maisbn.com\/portal\/wp-content\/uploads\/2017\/05\/agricultores00006.jpg\" alt=\"agricultores00006\" width=\"650\" height=\"412\" \/><\/a><\/p>\n<p>Durante a conversa a Associa\u00e7\u00e3o informou que est\u00e1 \u00e0 espera da Chamada P\u00fablica, documento que formaliza o processo de venda dos produtos da agricultura familiar e os representantes da Secretaria de Educa\u00e7\u00e3o garantiram que esse processo deve ser realizado no dia 09 de maio de 2017.<\/p>\n<p><a href=\"http:\/\/www.maisbn.com\/portal\/wp-content\/uploads\/2017\/05\/agricultores00002.jpg\"><img loading=\"lazy\" decoding=\"async\" class=\"aligncenter size-full wp-image-14751\" src=\"http:\/\/www.maisbn.com\/portal\/wp-content\/uploads\/2017\/05\/agricultores00002.jpg\" alt=\"agricultores00002\" width=\"650\" height=\"412\" \/><\/a><\/p>\n<p>Segundo os representantes da Secretaria de Educa\u00e7\u00e3o e Agricultura a inten\u00e7\u00e3o da Prefeitura \u00e9 comprar dos pequenos produtores no m\u00ednimos os 30% estipulados em Lei Federal. De acordo com Jair Abreu presidente da entidade existe uma grande expectativa por parte dos pequenos agricultores familiares de Belmonte para vender seus produtos para a Prefeitura.<\/p>\n","protected":false},"excerpt":{"rendered":"<p>Na manh\u00e3 desta quarta-feira (02), diretoria e associados da AABR &#8211; Associa\u00e7\u00e3o dos Agricultores de Belmonte e Regi\u00e3o, juntamente com o Secret\u00e1rio de Agricultura Francisco, Belmiro respons\u00e1vel pela merenda escolar e Jaqueline nutricionista da Secretaria de Educa\u00e7\u00e3o discutiram as melhores estrat\u00e9gias para venda e compra de produtos da agricultura familiar para atender a rede municipal [&hellip;]<\/p>\n","protected":false},"author":7,"featured_media":14749,"comment_status":"open","ping_status":"open","sticky":false,"template":"","format":"standard","meta":{"footnotes":""},"categories":[45,1],"tags":[108],"class_list":["post-14748","post","type-post","status-publish","format-standard","has-post-thumbnail","hentry","category-cidades","category-noticias","tag-belmonte"],"_links":{"self":[{"href":"https:\/\/www.maisbn.com\/portal\/wp-json\/wp\/v2\/posts\/14748","targetHints":{"allow":["GET"]}}],"collection":[{"href":"https:\/\/www.maisbn.com\/portal\/wp-json\/wp\/v2\/posts"}],"about":[{"href":"https:\/\/www.maisbn.com\/portal\/wp-json\/wp\/v2\/types\/post"}],"author":[{"embeddable":true,"href":"https:\/\/www.maisbn.com\/portal\/wp-json\/wp\/v2\/users\/7"}],"replies":[{"embeddable":true,"href":"https:\/\/www.maisbn.com\/portal\/wp-json\/wp\/v2\/comments?post=14748"}],"version-history":[{"count":1,"href":"https:\/\/www.maisbn.com\/portal\/wp-json\/wp\/v2\/posts\/14748\/revisions"}],"predecessor-version":[{"id":14752,"href":"https:\/\/www.maisbn.com\/portal\/wp-json\/wp\/v2\/posts\/14748\/revisions\/14752"}],"wp:featuredmedia":[{"embeddable":true,"href":"https:\/\/www.maisbn.com\/portal\/wp-json\/wp\/v2\/media\/14749"}],"wp:attachment":[{"href":"https:\/\/www.maisbn.com\/portal\/wp-json\/wp\/v2\/media?parent=14748"}],"wp:term":[{"taxonomy":"category","embeddable":true,"href":"https:\/\/www.maisbn.com\/portal\/wp-json\/wp\/v2\/categories?post=14748"},{"taxonomy":"post_tag","embeddable":true,"href":"https:\/\/www.maisbn.com\/portal\/wp-json\/wp\/v2\/tags?post=14748"}],"curies":[{"name":"wp","href":"https:\/\/api.w.org\/{rel}","templated":true}]}}