{"id":14733,"date":"2017-05-03T21:15:38","date_gmt":"2017-05-04T00:15:38","guid":{"rendered":"http:\/\/www.maisbn.com\/portal\/?p=14733"},"modified":"2017-05-03T21:15:38","modified_gmt":"2017-05-04T00:15:38","slug":"reuniao-define-festejos-do-dia-do-evangelico-em-belmonte","status":"publish","type":"post","link":"https:\/\/www.maisbn.com\/portal\/2017\/05\/reuniao-define-festejos-do-dia-do-evangelico-em-belmonte\/","title":{"rendered":"Reuni\u00e3o define festejos do Dia do Evang\u00e9lico em Belmonte."},"content":{"rendered":"<p>Aconteceu no final da tarde dessa ter\u00e7a-feira (02\/05) uma reuni\u00e3o na Sede da C\u00e2mara de Vereadores de Belmonte entre Pastores evang\u00e9licos; o Vereador Aelson Matos, Presidente do Legislativo, Turista, Secret\u00e1rio de Administra\u00e7\u00e3o e o Prefeito Janival Borges. A inten\u00e7\u00e3o da reuni\u00e3o foi discutir a implementa\u00e7\u00e3o de um projeto de lei elaborado pelo Vereador Aelson Matos no ano de 2008 que cria um dia voltado ao p\u00fablico evang\u00e9lico. Os pastores ent\u00e3o comentaram com Janival que desejam que essa data seja inserida no calend\u00e1rio de comemora\u00e7\u00f5es da cidade, que a Prefeitura traga atra\u00e7\u00f5es e invista em estrutura apropriada para os eventos evang\u00e9licos.<\/p>\n<p><a href=\"http:\/\/www.maisbn.com\/portal\/wp-content\/uploads\/2017\/05\/reuniao_dia_do_evangelico00003.jpg\"><img loading=\"lazy\" decoding=\"async\" class=\"aligncenter size-full wp-image-14734\" src=\"http:\/\/www.maisbn.com\/portal\/wp-content\/uploads\/2017\/05\/reuniao_dia_do_evangelico00003.jpg\" alt=\"reuniao_dia_do_evangelico00003\" width=\"650\" height=\"412\" \/><\/a><\/p>\n<p>O Prefeito Janival Borges ouviu os pastores e informou que apoia todas as vertentes religiosas. Ele citou que hoje no munic\u00edpio existem datas comemorativas para os cat\u00f3licos, para as religi\u00f5es afro e que apoiar\u00e1 a inser\u00e7\u00e3o do p\u00fablico evang\u00e9lico no calend\u00e1rio festivo da cidade. &#8220;Um dos objetivos da minha gest\u00e3o \u00e9 apoiar a todas as manifesta\u00e7\u00f5es religiosas belmontenses\u00a0 e dar espa\u00e7o para que as mesmas se expressem em suas particularidades.&#8221; &#8211; Comentou Janival.<\/p>\n<p><a href=\"http:\/\/www.maisbn.com\/portal\/wp-content\/uploads\/2017\/05\/reuniao_dia_do_evangelico00005.jpg\"><img loading=\"lazy\" decoding=\"async\" class=\"aligncenter size-full wp-image-14735\" src=\"http:\/\/www.maisbn.com\/portal\/wp-content\/uploads\/2017\/05\/reuniao_dia_do_evangelico00005.jpg\" alt=\"reuniao_dia_do_evangelico00005\" width=\"650\" height=\"412\" \/><\/a><\/p>\n<p>Os presentes ent\u00e3o entraram em acordo e discutiram as medidas a serem tomadas para as comemora\u00e7\u00f5es que dever\u00e3o acontecer no m\u00eas de setembro. Tamb\u00e9m ficou decidido que ser\u00e3o estudadas as atra\u00e7\u00f5es que se apresentar\u00e3o e o formato dos shows que atender\u00e3o aos anseios do p\u00fablico em quest\u00e3o.<\/p>\n<p><a href=\"http:\/\/www.maisbn.com\/portal\/wp-content\/uploads\/2017\/05\/reuniao_dia_do_evangelico00001.jpg\"><img loading=\"lazy\" decoding=\"async\" class=\"aligncenter size-full wp-image-14736\" src=\"http:\/\/www.maisbn.com\/portal\/wp-content\/uploads\/2017\/05\/reuniao_dia_do_evangelico00001.jpg\" alt=\"reuniao_dia_do_evangelico00001\" width=\"650\" height=\"412\" \/><\/a><\/p>\n<p>O Vereador Aelson Matos comentou com nossa reportagem que considerou importante a iniciativa porque o p\u00fablico evang\u00e9lico belmontense n\u00e3o tem comemora\u00e7\u00f5es, n\u00e3o tem investimentos em seus festejos e isso \u00e9 uma reclama\u00e7\u00e3o muito grande dessa faixa da popula\u00e7\u00e3o. &#8220;A reuni\u00e3o foi muito frut\u00edfera porque est\u00e1 sendo realizado um pleito antigo. Os evang\u00e9licos sempre desejaram ter festejos voltados para eles e agora, a partir dessa reuni\u00e3o, esse desejo ser\u00e1 realizado gra\u00e7as \u00e0 uni\u00e3o de todos.&#8221; &#8211; Finalizou Aelson.<\/p>\n","protected":false},"excerpt":{"rendered":"<p>Aconteceu no final da tarde dessa ter\u00e7a-feira (02\/05) uma reuni\u00e3o na Sede da C\u00e2mara de Vereadores de Belmonte entre Pastores evang\u00e9licos; o Vereador Aelson Matos, Presidente do Legislativo, Turista, Secret\u00e1rio de Administra\u00e7\u00e3o e o Prefeito Janival Borges. A inten\u00e7\u00e3o da reuni\u00e3o foi discutir a implementa\u00e7\u00e3o de um projeto de lei elaborado pelo Vereador Aelson Matos [&hellip;]<\/p>\n","protected":false},"author":7,"featured_media":14736,"comment_status":"open","ping_status":"open","sticky":false,"template":"","format":"standard","meta":{"footnotes":""},"categories":[45,1],"tags":[108],"class_list":["post-14733","post","type-post","status-publish","format-standard","has-post-thumbnail","hentry","category-cidades","category-noticias","tag-belmonte"],"_links":{"self":[{"href":"https:\/\/www.maisbn.com\/portal\/wp-json\/wp\/v2\/posts\/14733","targetHints":{"allow":["GET"]}}],"collection":[{"href":"https:\/\/www.maisbn.com\/portal\/wp-json\/wp\/v2\/posts"}],"about":[{"href":"https:\/\/www.maisbn.com\/portal\/wp-json\/wp\/v2\/types\/post"}],"author":[{"embeddable":true,"href":"https:\/\/www.maisbn.com\/portal\/wp-json\/wp\/v2\/users\/7"}],"replies":[{"embeddable":true,"href":"https:\/\/www.maisbn.com\/portal\/wp-json\/wp\/v2\/comments?post=14733"}],"version-history":[{"count":3,"href":"https:\/\/www.maisbn.com\/portal\/wp-json\/wp\/v2\/posts\/14733\/revisions"}],"predecessor-version":[{"id":14753,"href":"https:\/\/www.maisbn.com\/portal\/wp-json\/wp\/v2\/posts\/14733\/revisions\/14753"}],"wp:featuredmedia":[{"embeddable":true,"href":"https:\/\/www.maisbn.com\/portal\/wp-json\/wp\/v2\/media\/14736"}],"wp:attachment":[{"href":"https:\/\/www.maisbn.com\/portal\/wp-json\/wp\/v2\/media?parent=14733"}],"wp:term":[{"taxonomy":"category","embeddable":true,"href":"https:\/\/www.maisbn.com\/portal\/wp-json\/wp\/v2\/categories?post=14733"},{"taxonomy":"post_tag","embeddable":true,"href":"https:\/\/www.maisbn.com\/portal\/wp-json\/wp\/v2\/tags?post=14733"}],"curies":[{"name":"wp","href":"https:\/\/api.w.org\/{rel}","templated":true}]}}