{"id":14706,"date":"2017-04-30T11:21:06","date_gmt":"2017-04-30T14:21:06","guid":{"rendered":"http:\/\/www.maisbn.com\/portal\/?p=14706"},"modified":"2017-04-30T11:28:53","modified_gmt":"2017-04-30T14:28:53","slug":"teixeira-de-freitas-recebe-evento-do-setor-de-madeira-e-movelaria","status":"publish","type":"post","link":"https:\/\/www.maisbn.com\/portal\/2017\/04\/teixeira-de-freitas-recebe-evento-do-setor-de-madeira-e-movelaria\/","title":{"rendered":"Teixeira de Freitas recebe evento do setor de Madeira e Movelaria"},"content":{"rendered":"<p>Com o objetivo de fortalecer o setor empresarial de madeiras e movelaria, foi realizado em Teixeira de Freitas o Sebrae Conecta &#8211; Encontro com o Especialista na \u00faltima ter\u00e7a-feira, 25. Representantes de entidades do setor florestal, madeireiro, serraria e movelaria estiveram presentes no Hotel Lord Plaza para conhecer solu\u00e7\u00f5es do segmento e trocar experi\u00eancias.<\/p>\n<p><a href=\"http:\/\/www.maisbn.com\/portal\/wp-content\/uploads\/2017\/04\/Sebrae-Divulga\u00e7\u00e3o-1.jpg\"><img loading=\"lazy\" decoding=\"async\" class=\"aligncenter  wp-image-14708\" src=\"http:\/\/www.maisbn.com\/portal\/wp-content\/uploads\/2017\/04\/Sebrae-Divulga\u00e7\u00e3o-1.jpg\" alt=\"Sebrae - Divulga\u00e7\u00e3o 1\" width=\"752\" height=\"423\" \/><\/a><\/p>\n<p>O Brasil tem hoje cerca de 8 milh\u00f5es de hectares de madeira plantada que abastecem diversos setores como o de papel e celulose, constru\u00e7\u00e3o civil, minera\u00e7\u00e3o, energia el\u00e9trica e produ\u00e7\u00e3o de aglomerados e pe\u00e7as de madeira. E a Bahia responde pelo maior crescimento da base florestal do pa\u00eds, em especial, na regi\u00e3o Extremo Sul, com cerca de 5% ao ano. Al\u00e9m disso, de acordo com um dos palestrantes do evento e diretor executivo da Associa\u00e7\u00e3o Baiana das Empresas de Base Florestal (ABAF), Wilson Andrade, o Estado tem a maior produtividade do mundo em metros c\u00fabicos por hectare de madeira. \u201cCada setor que cresce, como o de energia el\u00e9trica ou da constru\u00e7\u00e3o civil, envolve e alavanca a produ\u00e7\u00e3o de madeira, e a Bahia tem que aproveitar mais isso\u201d, disse. Ainda segundo ele, o Sebrae Conecta veio para contribuir com o avan\u00e7o do setor da madeira, integrando o pequeno e m\u00e9dio produtor e estimulando pequenas empresas no processamento da mat\u00e9ria prima.<\/p>\n<p><a href=\"http:\/\/www.maisbn.com\/portal\/wp-content\/uploads\/2017\/04\/Sebrae-Divulga\u00e7\u00e3o-3.jpg\"><img loading=\"lazy\" decoding=\"async\" class=\"aligncenter wp-image-14709\" src=\"http:\/\/www.maisbn.com\/portal\/wp-content\/uploads\/2017\/04\/Sebrae-Divulga\u00e7\u00e3o-3.jpg\" alt=\"\" width=\"711\" height=\"400\" \/><\/a><\/p>\n<p>De acordo com o gerente regional do Sebrae, Alex Brito, o setor de madeira e m\u00f3veis possibilita um grande desenvolvimento para a regi\u00e3o, agregando valor ao mercado de forma sustent\u00e1vel. \u201cA regi\u00e3o tem total capacidade para atender a todas as demandas do setor, desde a mat\u00e9ria prima \u00e0 produ\u00e7\u00e3o industrial, e o Sebrae vem construindo junto aos empres\u00e1rios as solu\u00e7\u00f5es que indiquem o melhor aproveitamento quanto ao gerenciamento do neg\u00f3cio, redu\u00e7\u00e3o de custos e at\u00e9 aumento de faturamento\u201d, finalizou.<\/p>\n<p>O Encontro com o Especialista integra o conjunto de a\u00e7\u00f5es do Sebrae Conecta e busca o fortalecimento empresarial, suprindo donos de Micro e Pequenas Empresas (MPE) do Estado com a\u00e7\u00f5es inovadoras em 18 seguimentos. No setor de Madeira e M\u00f3veis, a a\u00e7\u00e3o conta com o apoio do Servi\u00e7o Nacional de Aprendizagem Industrial (SENAI), Associa\u00e7\u00e3o dos Produtores de Eucalipto do Extremo Sul da Bahia (ASPEX) e da ABAF. Para mais informa\u00e7\u00f5es sobre as atividades direcionadas para a cadeia produtiva desse e outros segmentos, os interessados podem buscar o Sebrae de Teixeira de Freitas, na Av. Presidente Get\u00falio Vargas, 3986, Centro, ou telefonar para (73) 3291-4333.<\/p>\n","protected":false},"excerpt":{"rendered":"<p>Com o objetivo de fortalecer o setor empresarial de madeiras e movelaria, foi realizado em Teixeira de Freitas o Sebrae Conecta &#8211; Encontro com o Especialista na \u00faltima ter\u00e7a-feira, 25. Representantes de entidades do setor florestal, madeireiro, serraria e movelaria estiveram presentes no Hotel Lord Plaza para conhecer solu\u00e7\u00f5es do segmento e trocar experi\u00eancias. O [&hellip;]<\/p>\n","protected":false},"author":1,"featured_media":14708,"comment_status":"open","ping_status":"open","sticky":false,"template":"","format":"standard","meta":{"footnotes":""},"categories":[45,1],"tags":[],"class_list":["post-14706","post","type-post","status-publish","format-standard","has-post-thumbnail","hentry","category-cidades","category-noticias"],"_links":{"self":[{"href":"https:\/\/www.maisbn.com\/portal\/wp-json\/wp\/v2\/posts\/14706","targetHints":{"allow":["GET"]}}],"collection":[{"href":"https:\/\/www.maisbn.com\/portal\/wp-json\/wp\/v2\/posts"}],"about":[{"href":"https:\/\/www.maisbn.com\/portal\/wp-json\/wp\/v2\/types\/post"}],"author":[{"embeddable":true,"href":"https:\/\/www.maisbn.com\/portal\/wp-json\/wp\/v2\/users\/1"}],"replies":[{"embeddable":true,"href":"https:\/\/www.maisbn.com\/portal\/wp-json\/wp\/v2\/comments?post=14706"}],"version-history":[{"count":3,"href":"https:\/\/www.maisbn.com\/portal\/wp-json\/wp\/v2\/posts\/14706\/revisions"}],"predecessor-version":[{"id":14712,"href":"https:\/\/www.maisbn.com\/portal\/wp-json\/wp\/v2\/posts\/14706\/revisions\/14712"}],"wp:featuredmedia":[{"embeddable":true,"href":"https:\/\/www.maisbn.com\/portal\/wp-json\/wp\/v2\/media\/14708"}],"wp:attachment":[{"href":"https:\/\/www.maisbn.com\/portal\/wp-json\/wp\/v2\/media?parent=14706"}],"wp:term":[{"taxonomy":"category","embeddable":true,"href":"https:\/\/www.maisbn.com\/portal\/wp-json\/wp\/v2\/categories?post=14706"},{"taxonomy":"post_tag","embeddable":true,"href":"https:\/\/www.maisbn.com\/portal\/wp-json\/wp\/v2\/tags?post=14706"}],"curies":[{"name":"wp","href":"https:\/\/api.w.org\/{rel}","templated":true}]}}