{"id":1460,"date":"2012-10-06T14:00:39","date_gmt":"2012-10-06T17:00:39","guid":{"rendered":"http:\/\/www.maisbn.com\/portal\/?p=1460"},"modified":"2012-10-06T17:03:22","modified_gmt":"2012-10-06T20:03:22","slug":"grupo-44-do-candidato-janival-andrade-realizou-comicios-em-barrolandia-e-belmonte","status":"publish","type":"post","link":"https:\/\/www.maisbn.com\/portal\/2012\/10\/grupo-44-do-candidato-janival-andrade-realizou-comicios-em-barrolandia-e-belmonte\/","title":{"rendered":"Grupo 44 do candidato Janival Andrade realizou com\u00edcios em Barrol\u00e2ndia e Belmonte."},"content":{"rendered":"<p><a href=\"http:\/\/www.maisbn.com\/portal\/wp-content\/uploads\/2012\/10\/Janival_Belmonte_26.jpg\"><img loading=\"lazy\" decoding=\"async\" class=\"alignleft  wp-image-1461\" title=\"Janival_Belmonte_26\" src=\"http:\/\/www.maisbn.com\/portal\/wp-content\/uploads\/2012\/10\/Janival_Belmonte_26.jpg\" alt=\"\" width=\"391\" height=\"247\" srcset=\"https:\/\/www.maisbn.com\/portal\/wp-content\/uploads\/2012\/10\/Janival_Belmonte_26.jpg 652w, https:\/\/www.maisbn.com\/portal\/wp-content\/uploads\/2012\/10\/Janival_Belmonte_26-553x350.jpg 553w\" sizes=\"auto, (max-width: 391px) 100vw, 391px\" \/><\/a>O grupo 44 da coliga\u00e7\u00e3o \u201cUm novo projeto para Belmonte\u201d, que tem como candidato a Prefeito Janival Andrade Borges, realizou nos dias 03 e 04\/10 com\u00edcios em Barrol\u00e2ndia e Belmonte.<\/p>\n<p>&nbsp;<\/p>\n<p>Em Barrol\u00e2ndia na \u00faltima quarta-feira 03\/10, o grupo liderado por Janival se reuniu numa \u00fanica for\u00e7a e caminharam pela localidade cumprimentando a todos, abra\u00e7ando e pedindo o apoio de cada pessoa sem distin\u00e7\u00e3o. Ap\u00f3s a caminhada foi a vez do com\u00edcio que reuniu os candidatos da sua coliga\u00e7\u00e3o que discursaram a favor de Janival demonstrando para o povo o porqu\u00ea de estarem o apoiando e torcendo para que ele seja o pr\u00f3ximo representante do executivo municipal.<\/p>\n<p>&nbsp;<\/p>\n<p>V\u00e1rios candidatos a vereador discursaram durante os com\u00edcios, dentre eles Dudu que \u00e9 um dos favoritos a elei\u00e7\u00e3o em Barrol\u00e2ndia, al\u00e9m de Alex Ramos, Raimundo Lopes, Eduardo Athaide, Candeia, C\u00e9sar Badar\u00f3, entre outros.<\/p>\n<p><a href=\"http:\/\/www.maisbn.com\/portal\/wp-content\/uploads\/2012\/10\/Janival_Belmonte_16.jpg\"><img loading=\"lazy\" decoding=\"async\" class=\"alignright  wp-image-1462\" title=\"Janival_Belmonte_16\" src=\"http:\/\/www.maisbn.com\/portal\/wp-content\/uploads\/2012\/10\/Janival_Belmonte_16.jpg\" alt=\"\" width=\"274\" height=\"173\" srcset=\"https:\/\/www.maisbn.com\/portal\/wp-content\/uploads\/2012\/10\/Janival_Belmonte_16.jpg 652w, https:\/\/www.maisbn.com\/portal\/wp-content\/uploads\/2012\/10\/Janival_Belmonte_16-553x350.jpg 553w\" sizes=\"auto, (max-width: 274px) 100vw, 274px\" \/><\/a><\/p>\n<p>C\u00e9sar Badar\u00f3 em sua vez colocou que a oposi\u00e7\u00e3o coloca \u00f4nibus para levar as pessoas para com\u00edcio, mas n\u00e3o consegue \u00f4nibus pra levar a sele\u00e7\u00e3o belmontense para os jogos e questionou tamb\u00e9m sobre o carnaval, onde foi gasto 1 milh\u00e3o de reais. Concluindo Badar\u00f3 ainda enfatizou que o papel fundamental do vereador \u00e9 criar leis para o munic\u00edpio defendendo acima de tudo os interesses da popula\u00e7\u00e3o.<\/p>\n<p>&nbsp;<\/p>\n<p>Janival em uso da palavra ressaltou que sendo eleito, seu governo vai recuperar tudo que foi abandonado, como os est\u00e1dios de Belmonte e Barrol\u00e2ndia, o hospital de Barrol\u00e2ndia, a rodovi\u00e1ria, o gin\u00e1sio de esportes, as pra\u00e7as, entre outras coisas que a atual administra\u00e7\u00e3o deixou acabar. Janival tamb\u00e9m mencionou que ir\u00e1 estruturar os col\u00e9gios al\u00e9m de incentivar as fanfarras de em todas as localidades, melhorar o efetivo de policiais e implantar um sistema de c\u00e2meras em pontos estrat\u00e9gicos da cidade trazendo assim mais seguran\u00e7a para a popula\u00e7\u00e3o.<\/p>\n<p>&nbsp;<\/p>\n<p><a href=\"http:\/\/www.maisbn.com\/portal\/wp-content\/uploads\/2012\/10\/Janival_Belmonte_08.jpg\"><img loading=\"lazy\" decoding=\"async\" class=\"wp-image-1463 aligncenter\" title=\"Janival_Belmonte_08\" src=\"http:\/\/www.maisbn.com\/portal\/wp-content\/uploads\/2012\/10\/Janival_Belmonte_08.jpg\" alt=\"\" width=\"652\" height=\"412\" srcset=\"https:\/\/www.maisbn.com\/portal\/wp-content\/uploads\/2012\/10\/Janival_Belmonte_08.jpg 652w, https:\/\/www.maisbn.com\/portal\/wp-content\/uploads\/2012\/10\/Janival_Belmonte_08-553x350.jpg 553w\" sizes=\"auto, (max-width: 652px) 100vw, 652px\" \/><\/a><\/p>\n<p>&nbsp;<\/p>\n<p>Janival enfatizou ainda que o povo que o apoia, o povo 44, n\u00e3o precisa receber marca igual a oposi\u00e7\u00e3o faz distribuindo len\u00e7os e margaridas para marcar seus eleitores. Sua campanha, segundo ele, \u00e9 por amor, n\u00e3o na for\u00e7a do dinheiro que est\u00e3o investindo tentando comprar a consci\u00eancia e a dignidade dos cidad\u00e3os.<\/p>\n<p>&nbsp;<\/p>\n<p>Finalizando seu pronunciamento Janival agradeceu a todos que abra\u00e7aram sua campanha de cora\u00e7\u00e3o, pelo carinho com o qual as pessoas o recebem em suas casas, sempre com um sorriso no rosto e um abra\u00e7o apertado e sincero demonstrando compromisso com a cidade, pois sabem o que \u00e9 melhor para Belmonte.<\/p>\n<p>&nbsp;<\/p>\n<div style=\"width: 210px\" class=\"wp-caption aligncenter\"><a href=\"http:\/\/www.maisbn.com\/galerias\/119\" target=\"_blank\"><img loading=\"lazy\" decoding=\"async\" style=\"border: 0px none;\" src=\"http:\/\/www.belmontenews.com\/imagensFCK\/image\/galeria_fotos.gif\" alt=\"\" width=\"200\" height=\"169\" border=\"0\" \/><\/a><p class=\"wp-caption-text\">COM\u00cdCIO BARROL\u00c2NDIA<\/p><\/div>\n<p style=\"text-align: center;\">\n<div style=\"width: 210px\" class=\"wp-caption aligncenter\"><a href=\"http:\/\/www.maisbn.com\/galerias\/120\" target=\"_blank\"><img loading=\"lazy\" decoding=\"async\" style=\"border: 0px none;\" src=\"http:\/\/www.belmontenews.com\/imagensFCK\/image\/galeria_fotos.gif\" alt=\"\" width=\"200\" height=\"169\" border=\"0\" \/><\/a><p class=\"wp-caption-text\">COM\u00cdCIO BELMONTE<\/p><\/div>\n<p style=\"text-align: center;\">\n<p style=\"text-align: center;\">\n<p style=\"text-align: center;\">\n","protected":false},"excerpt":{"rendered":"<p>O grupo 44 da coliga\u00e7\u00e3o \u201cUm novo projeto para Belmonte\u201d, que tem como candidato a Prefeito Janival Andrade Borges, realizou nos dias 03 e 04\/10 com\u00edcios em Barrol\u00e2ndia e Belmonte. &nbsp; Em Barrol\u00e2ndia na \u00faltima quarta-feira 03\/10, o grupo liderado por Janival se reuniu numa \u00fanica for\u00e7a e caminharam pela localidade cumprimentando a todos, abra\u00e7ando [&hellip;]<\/p>\n","protected":false},"author":1,"featured_media":0,"comment_status":"closed","ping_status":"open","sticky":false,"template":"","format":"standard","meta":{"footnotes":""},"categories":[1,7],"tags":[41,52,51],"class_list":["post-1460","post","type-post","status-publish","format-standard","hentry","category-noticias","category-politica","tag-eleicoes","tag-eleicoes-municipais-2012","tag-janival-andrade"],"_links":{"self":[{"href":"https:\/\/www.maisbn.com\/portal\/wp-json\/wp\/v2\/posts\/1460","targetHints":{"allow":["GET"]}}],"collection":[{"href":"https:\/\/www.maisbn.com\/portal\/wp-json\/wp\/v2\/posts"}],"about":[{"href":"https:\/\/www.maisbn.com\/portal\/wp-json\/wp\/v2\/types\/post"}],"author":[{"embeddable":true,"href":"https:\/\/www.maisbn.com\/portal\/wp-json\/wp\/v2\/users\/1"}],"replies":[{"embeddable":true,"href":"https:\/\/www.maisbn.com\/portal\/wp-json\/wp\/v2\/comments?post=1460"}],"version-history":[{"count":0,"href":"https:\/\/www.maisbn.com\/portal\/wp-json\/wp\/v2\/posts\/1460\/revisions"}],"wp:attachment":[{"href":"https:\/\/www.maisbn.com\/portal\/wp-json\/wp\/v2\/media?parent=1460"}],"wp:term":[{"taxonomy":"category","embeddable":true,"href":"https:\/\/www.maisbn.com\/portal\/wp-json\/wp\/v2\/categories?post=1460"},{"taxonomy":"post_tag","embeddable":true,"href":"https:\/\/www.maisbn.com\/portal\/wp-json\/wp\/v2\/tags?post=1460"}],"curies":[{"name":"wp","href":"https:\/\/api.w.org\/{rel}","templated":true}]}}