{"id":14586,"date":"2017-04-20T19:34:00","date_gmt":"2017-04-20T22:34:00","guid":{"rendered":"http:\/\/www.maisbn.com\/portal\/?p=14586"},"modified":"2017-04-20T19:34:00","modified_gmt":"2017-04-20T22:34:00","slug":"veracel-celulose-tera-nova-estrutura-organizacional","status":"publish","type":"post","link":"https:\/\/www.maisbn.com\/portal\/2017\/04\/veracel-celulose-tera-nova-estrutura-organizacional\/","title":{"rendered":"Veracel Celulose ter\u00e1 nova estrutura organizacional."},"content":{"rendered":"<p><a href=\"http:\/\/www.maisbn.com\/portal\/wp-content\/uploads\/2014\/11\/veracel_fabrica.jpg\"><img loading=\"lazy\" decoding=\"async\" class=\"aligncenter size-full wp-image-6410\" src=\"http:\/\/www.maisbn.com\/portal\/wp-content\/uploads\/2014\/11\/veracel_fabrica.jpg\" alt=\"Veracel em Janeiro 2007\" width=\"640\" height=\"278\" \/><\/a><\/p>\n<p>Com objetivo de adequar a estrutura da Veracel Celulose aos novos e constantes desafios enfrentados pela empresa, foi realizada uma reorganiza\u00e7\u00e3o na sua estrutura organizacional. A partir do dia 1\u00ba de maio, Antonio Sergio Alipio, atual presidente da Veracel, assumir\u00e1 nova posi\u00e7\u00e3o como <em>Advisor<\/em> de Rela\u00e7\u00f5es Institucionais. O cargo de presidente ser\u00e1 substitu\u00eddo pelo rec\u00e9m-criado <strong>Comit\u00ea de Gest\u00e3o<\/strong>, composto por Wellington Giacomin, representando a Fibria, e Otavio Pontes, representando a Stora Enso.<\/p>\n<p>O Comit\u00ea de Gest\u00e3o ser\u00e1 suportado pelo <strong>Comit\u00ea Executivo Veracel<\/strong>, \u00f3rg\u00e3o tamb\u00e9m rec\u00e9m-criado, formado por Ari Medeiros, diretor industrial, Moacyr Fantini Jr, diretor florestal, e Anderson Souza, diretor administrativo e financeiro. Ari Medeiros ter\u00e1 o papel de coordenador do Comit\u00ea Executivo.<\/p>\n<p>Sergio Alipio est\u00e1 h\u00e1 14 anos na Veracel e desde 2007 ocupa o cargo de Presidente e CEO da empresa. Em seu novo cargo, Sergio ter\u00e1 como objetivo, entre outros, o desenvolvimento de ambiente de neg\u00f3cios favor\u00e1vel \u00e0 implanta\u00e7\u00e3o da expans\u00e3o do empreendimento conhecido como Veracel 2.<\/p>\n<p>&nbsp;<\/p>\n","protected":false},"excerpt":{"rendered":"<p>Com objetivo de adequar a estrutura da Veracel Celulose aos novos e constantes desafios enfrentados pela empresa, foi realizada uma reorganiza\u00e7\u00e3o na sua estrutura organizacional. A partir do dia 1\u00ba de maio, Antonio Sergio Alipio, atual presidente da Veracel, assumir\u00e1 nova posi\u00e7\u00e3o como Advisor de Rela\u00e7\u00f5es Institucionais. O cargo de presidente ser\u00e1 substitu\u00eddo pelo rec\u00e9m-criado [&hellip;]<\/p>\n","protected":false},"author":7,"featured_media":6410,"comment_status":"open","ping_status":"open","sticky":false,"template":"","format":"standard","meta":{"footnotes":""},"categories":[29,1],"tags":[108],"class_list":["post-14586","post","type-post","status-publish","format-standard","has-post-thumbnail","hentry","category-empreendimentos","category-noticias","tag-belmonte"],"_links":{"self":[{"href":"https:\/\/www.maisbn.com\/portal\/wp-json\/wp\/v2\/posts\/14586","targetHints":{"allow":["GET"]}}],"collection":[{"href":"https:\/\/www.maisbn.com\/portal\/wp-json\/wp\/v2\/posts"}],"about":[{"href":"https:\/\/www.maisbn.com\/portal\/wp-json\/wp\/v2\/types\/post"}],"author":[{"embeddable":true,"href":"https:\/\/www.maisbn.com\/portal\/wp-json\/wp\/v2\/users\/7"}],"replies":[{"embeddable":true,"href":"https:\/\/www.maisbn.com\/portal\/wp-json\/wp\/v2\/comments?post=14586"}],"version-history":[{"count":1,"href":"https:\/\/www.maisbn.com\/portal\/wp-json\/wp\/v2\/posts\/14586\/revisions"}],"predecessor-version":[{"id":14587,"href":"https:\/\/www.maisbn.com\/portal\/wp-json\/wp\/v2\/posts\/14586\/revisions\/14587"}],"wp:featuredmedia":[{"embeddable":true,"href":"https:\/\/www.maisbn.com\/portal\/wp-json\/wp\/v2\/media\/6410"}],"wp:attachment":[{"href":"https:\/\/www.maisbn.com\/portal\/wp-json\/wp\/v2\/media?parent=14586"}],"wp:term":[{"taxonomy":"category","embeddable":true,"href":"https:\/\/www.maisbn.com\/portal\/wp-json\/wp\/v2\/categories?post=14586"},{"taxonomy":"post_tag","embeddable":true,"href":"https:\/\/www.maisbn.com\/portal\/wp-json\/wp\/v2\/tags?post=14586"}],"curies":[{"name":"wp","href":"https:\/\/api.w.org\/{rel}","templated":true}]}}