{"id":14578,"date":"2017-04-20T19:16:04","date_gmt":"2017-04-20T22:16:04","guid":{"rendered":"http:\/\/www.maisbn.com\/portal\/?p=14578"},"modified":"2017-04-20T19:16:04","modified_gmt":"2017-04-20T22:16:04","slug":"profissionais-e-usuarios-do-caps-homenageiam-os-policiais-militares-de-belmonte","status":"publish","type":"post","link":"https:\/\/www.maisbn.com\/portal\/2017\/04\/profissionais-e-usuarios-do-caps-homenageiam-os-policiais-militares-de-belmonte\/","title":{"rendered":"Profissionais e usu\u00e1rios do CAPS homenageiam os policiais militares de Belmonte."},"content":{"rendered":"<p class=\"western\"><a href=\"http:\/\/www.maisbn.com\/portal\/wp-content\/uploads\/2017\/04\/homenagem_caps026.jpg\"><img loading=\"lazy\" decoding=\"async\" class=\"aligncenter wp-image-14584 size-full\" src=\"http:\/\/www.maisbn.com\/portal\/wp-content\/uploads\/2017\/04\/homenagem_caps026.jpg\" alt=\"\" width=\"650\" height=\"412\" \/><\/a><\/p>\n<p class=\"western\">Um lindo evento aconteceu nessa quarta-feira (19\/04) na sede do Centro de Aten\u00e7\u00e3o Psicossocial (CAPS I) em Belmonte. Estamos falando da homenagem feita aos homens da 5\u00aa Companhia do 8\u00ba Batalh\u00e3o de Pol\u00edcia Militar. O objetivo foi reconhecer o trabalho desses profissionais que atuam na seguran\u00e7a p\u00fablica de Belmonte com tanta dedica\u00e7\u00e3o e coragem colocando a sua pr\u00f3pria vida em risco pelo bem estar da comunidade.<\/p>\n<p class=\"western\"><a href=\"http:\/\/www.maisbn.com\/portal\/wp-content\/uploads\/2017\/04\/homenagem_caps044.jpg\"><img loading=\"lazy\" decoding=\"async\" class=\"aligncenter size-full wp-image-14580\" src=\"http:\/\/www.maisbn.com\/portal\/wp-content\/uploads\/2017\/04\/homenagem_caps044.jpg\" alt=\"homenagem_caps044\" width=\"650\" height=\"412\" \/><\/a><\/p>\n<p class=\"western\">A Sr\u00aa Sara Maria, enfermeira e coordenadora da unidade, recebeu os homenageados e comentou que os policiais belmontenses est\u00e3o de parab\u00e9ns pelos trabalhos desenvolvidos. A coordenadora tamb\u00e9m agradeceu o apoio dado pelos mesmos quando s\u00e3o solicitados. \u201cN\u00f3s agradecemos muito a voc\u00eas que nos atendem quando temos um paciente em estado agressivo. Reconhe\u00e7o que o nosso trabalho seria muito dif\u00edcil e n\u00e3o conseguir\u00edamos cumprir com o objetivo da unidade que \u00e9 atender a todos os usu\u00e1rios da melhor maneira poss\u00edvel sem a ajuda e o carinho desses competentes profissionais de seguran\u00e7a p\u00fablica.\u201d &#8211; Finalizou a coordenadora.<\/p>\n<p class=\"western\"><a href=\"http:\/\/www.maisbn.com\/portal\/wp-content\/uploads\/2017\/04\/homenagem_caps039.jpg\"><img loading=\"lazy\" decoding=\"async\" class=\"aligncenter size-full wp-image-14581\" src=\"http:\/\/www.maisbn.com\/portal\/wp-content\/uploads\/2017\/04\/homenagem_caps039.jpg\" alt=\"homenagem_caps039\" width=\"650\" height=\"412\" \/><\/a><\/p>\n<p class=\"western\">Ainda durante a cerim\u00f4nia os policiais assistiram \u00e0 apresenta\u00e7\u00e3o do coral CAPS-I, formado pelos usu\u00e1rios do servi\u00e7o. Receberam lembran\u00e7as confeccionada pela artes\u00e3 do CAPS Renilda Batista, feitas com a ajuda das pessoas atendidas pela unidade, e degustaram de um delicioso caf\u00e9 da manh\u00e3.<\/p>\n<p class=\"western\"><a href=\"http:\/\/www.maisbn.com\/portal\/wp-content\/uploads\/2017\/04\/homenagem_caps003.jpg\"><img loading=\"lazy\" decoding=\"async\" class=\"aligncenter wp-image-14579 size-full\" src=\"http:\/\/www.maisbn.com\/portal\/wp-content\/uploads\/2017\/04\/homenagem_caps003.jpg\" alt=\"\" width=\"650\" height=\"412\" \/><\/a><\/p>\n<p class=\"western\">O Capit\u00e3o Uendel Bomfim, novo comandante da 5\u00aa Companhia, comentou com nossa reportagem que est\u00e1 conhecendo a cidade e fez quest\u00e3o de estar presente na cerim\u00f4nia juntamente com o Tenente Robson Lago, seu subcomandante. Ele colocou que esses la\u00e7os de amizade entre a pol\u00edcia e a comunidade s\u00e3o importantes porque permite um combate \u00e0 criminalidade mais efetivo, j\u00e1 que, faz as pessoas compreenderem que os policiais n\u00e3o s\u00e3o inimigos, e sim, uma pe\u00e7a fundamental para o bem estar de toda a sociedade. \u201cEventos como esses s\u00e3o importantes porque mostra que a Pol\u00edcia Militar existe com a inten\u00e7\u00e3o de ajudar. O meu objetivo \u00e9 intensificar ainda mais essa rela\u00e7\u00e3o de amizade e trabalhar para que tenhamos uma policia combativa para as pessoas que vivem \u00e0s margens da lei e uma pol\u00edcia companheira e amiga para tratar com as pessoas de bem.\u201d &#8211; Finalizou o Oficial.<\/p>\n<p class=\"western\"><a href=\"http:\/\/www.maisbn.com\/portal\/wp-content\/uploads\/2017\/04\/homenagem_caps009.jpg\"><img loading=\"lazy\" decoding=\"async\" class=\"aligncenter size-full wp-image-14583\" src=\"http:\/\/www.maisbn.com\/portal\/wp-content\/uploads\/2017\/04\/homenagem_caps009.jpg\" alt=\"homenagem_caps009\" width=\"650\" height=\"412\" \/><\/a><\/p>\n<p class=\"western\">O evento contou com o total apoio do Prefeito Janival Borges e do Secret\u00e1rio Municipal de Sa\u00fade, Tarcio Lapa, que n\u00e3o p\u00f4de estar presente no evento e foi representado pela Sr\u00aa. Catiane Oliveira, sua assistente. Al\u00e9m da coordenadora Sara Maria, tamb\u00e9m participaram da organiza\u00e7\u00e3o da homenagem a Sr\u00aa. Meires (recepcionista), Luiza Der\u00f3, David (enfermeiro), Carol (fisioterapeuta), Carlos Alberto (Loi), Maria, Jamily e Doralice (Assistente Social). Todas as pessoas mencionadas fazem parte do corpo de funcion\u00e1rios da unidade.<\/p>\n","protected":false},"excerpt":{"rendered":"<p>Um lindo evento aconteceu nessa quarta-feira (19\/04) na sede do Centro de Aten\u00e7\u00e3o Psicossocial (CAPS I) em Belmonte. Estamos falando da homenagem feita aos homens da 5\u00aa Companhia do 8\u00ba Batalh\u00e3o de Pol\u00edcia Militar. O objetivo foi reconhecer o trabalho desses profissionais que atuam na seguran\u00e7a p\u00fablica de Belmonte com tanta dedica\u00e7\u00e3o e coragem colocando [&hellip;]<\/p>\n","protected":false},"author":7,"featured_media":14579,"comment_status":"open","ping_status":"open","sticky":false,"template":"","format":"standard","meta":{"footnotes":""},"categories":[45,1],"tags":[108],"class_list":["post-14578","post","type-post","status-publish","format-standard","has-post-thumbnail","hentry","category-cidades","category-noticias","tag-belmonte"],"_links":{"self":[{"href":"https:\/\/www.maisbn.com\/portal\/wp-json\/wp\/v2\/posts\/14578","targetHints":{"allow":["GET"]}}],"collection":[{"href":"https:\/\/www.maisbn.com\/portal\/wp-json\/wp\/v2\/posts"}],"about":[{"href":"https:\/\/www.maisbn.com\/portal\/wp-json\/wp\/v2\/types\/post"}],"author":[{"embeddable":true,"href":"https:\/\/www.maisbn.com\/portal\/wp-json\/wp\/v2\/users\/7"}],"replies":[{"embeddable":true,"href":"https:\/\/www.maisbn.com\/portal\/wp-json\/wp\/v2\/comments?post=14578"}],"version-history":[{"count":1,"href":"https:\/\/www.maisbn.com\/portal\/wp-json\/wp\/v2\/posts\/14578\/revisions"}],"predecessor-version":[{"id":14585,"href":"https:\/\/www.maisbn.com\/portal\/wp-json\/wp\/v2\/posts\/14578\/revisions\/14585"}],"wp:featuredmedia":[{"embeddable":true,"href":"https:\/\/www.maisbn.com\/portal\/wp-json\/wp\/v2\/media\/14579"}],"wp:attachment":[{"href":"https:\/\/www.maisbn.com\/portal\/wp-json\/wp\/v2\/media?parent=14578"}],"wp:term":[{"taxonomy":"category","embeddable":true,"href":"https:\/\/www.maisbn.com\/portal\/wp-json\/wp\/v2\/categories?post=14578"},{"taxonomy":"post_tag","embeddable":true,"href":"https:\/\/www.maisbn.com\/portal\/wp-json\/wp\/v2\/tags?post=14578"}],"curies":[{"name":"wp","href":"https:\/\/api.w.org\/{rel}","templated":true}]}}