{"id":14561,"date":"2017-04-19T12:23:50","date_gmt":"2017-04-19T15:23:50","guid":{"rendered":"http:\/\/www.maisbn.com\/portal\/?p=14561"},"modified":"2017-04-19T12:23:50","modified_gmt":"2017-04-19T15:23:50","slug":"eunapolis-recebe-encontro-com-especialistas-da-area-de-saude","status":"publish","type":"post","link":"https:\/\/www.maisbn.com\/portal\/2017\/04\/eunapolis-recebe-encontro-com-especialistas-da-area-de-saude\/","title":{"rendered":"Eun\u00e1polis recebe encontro com especialistas da \u00e1rea de Sa\u00fade."},"content":{"rendered":"<p>As mudan\u00e7as nas perspectivas hospitalares, os resultados positivos e as metas da sa\u00fade com o paciente estiveram entre os assuntos apresentados nos eventos.<\/p>\n<p>Profissionais do Extremo Sul da Bahia tiveram no Sebrae Conecta &#8211; Encontro com Especialista da \u00e1rea de Sa\u00fade e Bem-Estar uma oportunidade a mais para aprimorar os conhecimentos e dialogar sobre o segmento. As palestras e demais atividades estrat\u00e9gicas aconteceram no audit\u00f3rio do Hotel Portal, em Eun\u00e1polis, entre os dias 30 de mar\u00e7o e 4 de abril.<\/p>\n<p><a href=\"http:\/\/www.maisbn.com\/portal\/wp-content\/uploads\/2017\/04\/reuniao_sebrae001.jpg\"><img loading=\"lazy\" decoding=\"async\" class=\"aligncenter size-full wp-image-14562\" src=\"http:\/\/www.maisbn.com\/portal\/wp-content\/uploads\/2017\/04\/reuniao_sebrae001.jpg\" alt=\"reuniao_sebrae001\" width=\"650\" height=\"412\" \/><\/a><\/p>\n<p>Com a palestra \u201cAcredita\u00e7\u00e3o em Sa\u00fade e Seguran\u00e7a do Paciente\u201d, o gerente de rela\u00e7\u00f5es institucionais da Organiza\u00e7\u00e3o Nacional de Acredita\u00e7\u00e3o (ONA), P\u00e9ricles Cruz, apresentou diversos pontos sobre a certifica\u00e7\u00e3o das organiza\u00e7\u00f5es de Sa\u00fade baseada em padr\u00f5es que est\u00e3o definidos no Manual Brasileiro de Acredita\u00e7\u00e3o e, tamb\u00e9m, sobre os desafios do setor, envolvimento dos colaboradores, gerenciamento de riscos, melhoria cont\u00ednua e resultados. \u201c<em>Os pontos fundamentais s\u00e3o o foco no paciente, qualidade no atendimento e seguran\u00e7a do paciente. Assim, todo o processo de atendimento dentro de um hospital ou de um servi\u00e7o de sa\u00fade estar\u00e1 relacionado de uma maneira muito intensa com qualidade e com efici\u00eancia<\/em>\u201d, destacou o m\u00e9dico.<\/p>\n<p>Para o propriet\u00e1rio do Laborat\u00f3rio Gontijo, Mario Gontijo, h\u00e1 18 anos atuando no setor de Sa\u00fade, a abertura do Sebrae Conecta para a \u00e1rea \u00e9 de grande import\u00e2ncia para a regi\u00e3o, considerada um polo de sa\u00fade p\u00fablica e privada. \u201c<em>Quando a gente traz um grande n\u00famero de empres\u00e1rios para falar a mesma linguagem, sabendo que nossos servi\u00e7os se complementam, criamos uma cultura da qualidade nesse setor<\/em>\u201d, detalhou.<\/p>\n<p><a href=\"http:\/\/www.maisbn.com\/portal\/wp-content\/uploads\/2017\/04\/reuniao_sebrae002.jpg\"><img loading=\"lazy\" decoding=\"async\" class=\"aligncenter size-full wp-image-14563\" src=\"http:\/\/www.maisbn.com\/portal\/wp-content\/uploads\/2017\/04\/reuniao_sebrae002.jpg\" alt=\"reuniao_sebrae002\" width=\"650\" height=\"412\" \/><\/a><\/p>\n<p>J\u00e1 a odont\u00f3loga e propriet\u00e1ria da Cl\u00ednica Jardins, Katy\u00facia Logrado, relembrou que os profissionais da Sa\u00fade necessitam ainda mais de gerenciamento e resultados organizacionais. \u201c<em>Como dona de uma cl\u00ednica e, ao mesmo tempo, profissional da Sa\u00fade, acredito que o amadurecimento na ger\u00eancia da empresa \u00e9 fundamental, os resultados no atendimento e na gest\u00e3o s\u00e3o aprimorados quando existe uma gest\u00e3o mais eficiente<\/em>\u201d, finalizou.<\/p>\n<p>O gerente regional do Sebrae em Teixeira de Freitas, Alex Brito, ressaltou que muitos avan\u00e7os j\u00e1 aconteceram no setor de sa\u00fade em Eun\u00e1polis e regi\u00e3o, inclusive empresas j\u00e1 com certifica\u00e7\u00e3o ONA. \u201c<em>E esse apoio do Sebrae Conecta aos profissionais e empres\u00e1rios da Sa\u00fade reverbera nos pacientes e usu\u00e1rios, na capacita\u00e7\u00e3o de funcion\u00e1rios e na humaniza\u00e7\u00e3o do processo de tratamento no sistema de sa\u00fade p\u00fablico e privado<\/em>\u201d, finalizou.<\/p>\n<p><a href=\"http:\/\/www.maisbn.com\/portal\/wp-content\/uploads\/2017\/04\/reuniao_sebrae003.jpg\"><img loading=\"lazy\" decoding=\"async\" class=\"size-full wp-image-14564\" src=\"http:\/\/www.maisbn.com\/portal\/wp-content\/uploads\/2017\/04\/reuniao_sebrae003.jpg\" alt=\"498565457\" width=\"650\" height=\"412\" \/><\/a><\/p>\n<p><strong>Sebrae Conecta<\/strong><\/p>\n<p>O Encontro com especialista em Sa\u00fade e Bem Estar faz parte do conjunto de a\u00e7\u00f5es do Sebrae Conecta, contemplando 18 seguimentos em toda Bahia. O foco est\u00e1 no fortalecimento empresarial para suprir os setores com a\u00e7\u00f5es inovadoras. Para saber mais sobre a capacita\u00e7\u00e3o no Sul do Estado \u00e9 preciso ligar para (73) 3291-4333 ou ir ao Ponto de Atendimento do Sebrae de Teixeira de Freitas, na Av. Presidente Get\u00falio Vargas, 3986, Centro.<\/p>\n","protected":false},"excerpt":{"rendered":"<p>As mudan\u00e7as nas perspectivas hospitalares, os resultados positivos e as metas da sa\u00fade com o paciente estiveram entre os assuntos apresentados nos eventos. Profissionais do Extremo Sul da Bahia tiveram no Sebrae Conecta &#8211; Encontro com Especialista da \u00e1rea de Sa\u00fade e Bem-Estar uma oportunidade a mais para aprimorar os conhecimentos e dialogar sobre o [&hellip;]<\/p>\n","protected":false},"author":7,"featured_media":14562,"comment_status":"open","ping_status":"open","sticky":false,"template":"","format":"standard","meta":{"footnotes":""},"categories":[29,1],"tags":[108],"class_list":["post-14561","post","type-post","status-publish","format-standard","has-post-thumbnail","hentry","category-empreendimentos","category-noticias","tag-belmonte"],"_links":{"self":[{"href":"https:\/\/www.maisbn.com\/portal\/wp-json\/wp\/v2\/posts\/14561","targetHints":{"allow":["GET"]}}],"collection":[{"href":"https:\/\/www.maisbn.com\/portal\/wp-json\/wp\/v2\/posts"}],"about":[{"href":"https:\/\/www.maisbn.com\/portal\/wp-json\/wp\/v2\/types\/post"}],"author":[{"embeddable":true,"href":"https:\/\/www.maisbn.com\/portal\/wp-json\/wp\/v2\/users\/7"}],"replies":[{"embeddable":true,"href":"https:\/\/www.maisbn.com\/portal\/wp-json\/wp\/v2\/comments?post=14561"}],"version-history":[{"count":1,"href":"https:\/\/www.maisbn.com\/portal\/wp-json\/wp\/v2\/posts\/14561\/revisions"}],"predecessor-version":[{"id":14565,"href":"https:\/\/www.maisbn.com\/portal\/wp-json\/wp\/v2\/posts\/14561\/revisions\/14565"}],"wp:featuredmedia":[{"embeddable":true,"href":"https:\/\/www.maisbn.com\/portal\/wp-json\/wp\/v2\/media\/14562"}],"wp:attachment":[{"href":"https:\/\/www.maisbn.com\/portal\/wp-json\/wp\/v2\/media?parent=14561"}],"wp:term":[{"taxonomy":"category","embeddable":true,"href":"https:\/\/www.maisbn.com\/portal\/wp-json\/wp\/v2\/categories?post=14561"},{"taxonomy":"post_tag","embeddable":true,"href":"https:\/\/www.maisbn.com\/portal\/wp-json\/wp\/v2\/tags?post=14561"}],"curies":[{"name":"wp","href":"https:\/\/api.w.org\/{rel}","templated":true}]}}