{"id":14545,"date":"2017-04-17T20:55:24","date_gmt":"2017-04-17T23:55:24","guid":{"rendered":"http:\/\/www.maisbn.com\/portal\/?p=14545"},"modified":"2017-04-17T20:55:24","modified_gmt":"2017-04-17T23:55:24","slug":"acao-do-grupo-por-uma-belmonte-melhor-marca-o-domingo-de-pascoa-em-belmonte","status":"publish","type":"post","link":"https:\/\/www.maisbn.com\/portal\/2017\/04\/acao-do-grupo-por-uma-belmonte-melhor-marca-o-domingo-de-pascoa-em-belmonte\/","title":{"rendered":"A\u00e7\u00e3o do Grupo &#8220;Por uma Belmonte Melhor&#8221; marca o Domingo de P\u00e1scoa em Belmonte."},"content":{"rendered":"<p>Belmonte teve um Domingo de P\u00e1scoa muito doce e especial com a culmin\u00e2ncia da campanha do grupo de a\u00e7\u00f5es humanit\u00e1rias \u201cPor uma Belmonte Melhor\u201d. Os membros do grupo se reuniram nas redes sociais para divulgar a campanha de p\u00e1scoa, com o tema \u201cN\u00e3o queremos ovos de P\u00e1scoa, queremos fraldas geri\u00e1tricas\u201d. O objetivo foi arrecadar fraldas para serem doadas em algumas resid\u00eancias do munic\u00edpio de Belmonte e tamb\u00e9m no Abrigo S\u00e3o Vicente de Paula. Durante um m\u00eas o grupo &#8220;Por uma Belmonte Melhor&#8221; conseguiu diversas doa\u00e7\u00f5es vindas da comunidade local. A campanha ainda contou com contribui\u00e7\u00f5es de belmontenses que vivem em outras cidades, al\u00e9m da ajuda de amigos e simpatizantes do projeto que j\u00e1 existe na cidade desde setembro\/2014, tendo dado inicio as suas a\u00e7\u00f5es em Janeiro de 2015.<\/p>\n<p><a href=\"http:\/\/www.maisbn.com\/portal\/wp-content\/uploads\/2017\/04\/porumabelmontemelhorpascoa002.jpg\"><img loading=\"lazy\" decoding=\"async\" class=\"aligncenter size-full wp-image-14546\" src=\"http:\/\/www.maisbn.com\/portal\/wp-content\/uploads\/2017\/04\/porumabelmontemelhorpascoa002.jpg\" alt=\"porumabelmontemelhorpascoa002\" width=\"650\" height=\"412\" \/><\/a><\/p>\n<p>O auge da campanha aconteceu nesse domingo (16\/04) sobre forte emo\u00e7\u00e3o onde todos os integrantes da campanha sa\u00edram em comboio em dire\u00e7\u00e3o as resid\u00eancias da cidade previamente analisadas para receberem as doa\u00e7\u00f5es. Foram arrecadados mais de 150 pacotes de fraldas que foram entregues a pessoas necessitadas nos bairros, S\u00e3o Benedito, Bom Jardim, Rua Nova e Biela. As fraldas doadas tamb\u00e9m foram entregues no Abrigo S\u00e3o Vicente de Paula que \u00e9 a institui\u00e7\u00e3o belmontense que acolhe os idosos sem familiares na cidade. Os membros dos grupos ainda aproveitaram o momento da entrega para presentear algumas crian\u00e7as carentes com ovos de P\u00e1scoa, fato que trouxe ainda mais do\u00e7ura para esse dia t\u00e3o especial.<\/p>\n<p><a href=\"http:\/\/www.maisbn.com\/portal\/wp-content\/uploads\/2017\/04\/porumabelmontemelhorpascoa005.jpg\"><img loading=\"lazy\" decoding=\"async\" class=\"aligncenter size-full wp-image-14547\" src=\"http:\/\/www.maisbn.com\/portal\/wp-content\/uploads\/2017\/04\/porumabelmontemelhorpascoa005.jpg\" alt=\"porumabelmontemelhorpascoa005\" width=\"650\" height=\"412\" \/><\/a><\/p>\n<p>O Grupo &#8220;Por uma Belmonte Melhor&#8221; informou que esta \u00e9 a primeira a\u00e7\u00e3o de muitas que vir\u00e3o no ano de 2017 e aproveitou para agradecer imensamente a toda a comunidade que se disp\u00f4s ajudar. O integrantes reconheceram que n\u00e3o seria poss\u00edvel realizar uma a\u00e7\u00e3o de tamanha relev\u00e2ncia se n\u00e3o houvesse o apoio e a bondade de v\u00e1rias pessoas que se sensibilizaram e doaram os itens pedidos.<\/p>\n<p><a href=\"http:\/\/www.maisbn.com\/portal\/wp-content\/uploads\/2017\/04\/porumabelmontemelhorpascoa010.jpg\"><img loading=\"lazy\" decoding=\"async\" class=\"aligncenter size-full wp-image-14548\" src=\"http:\/\/www.maisbn.com\/portal\/wp-content\/uploads\/2017\/04\/porumabelmontemelhorpascoa010.jpg\" alt=\"porumabelmontemelhorpascoa010\" width=\"650\" height=\"412\" \/><\/a><\/p>\n<p>Ao final todos os participantes da campanha aproveitaram para convidar todos os belmontenses para participarem das pr\u00f3ximas a\u00e7\u00f5es e aderir \u00e0 causa para que os resultados tenham mais relev\u00e2ncia e efetividade na busca de ajuda para as pessoas que tanto precisam. \u201cS\u00e3o a\u00e7\u00f5es como estas que fazem com que n\u00f3s possamos entender qual a nossa contribui\u00e7\u00e3o e participa\u00e7\u00e3o para a melhoria da nossa comunidade &#8211; Conclu\u00edram alguns participantes da campanha.<\/p>\n","protected":false},"excerpt":{"rendered":"<p>Belmonte teve um Domingo de P\u00e1scoa muito doce e especial com a culmin\u00e2ncia da campanha do grupo de a\u00e7\u00f5es humanit\u00e1rias \u201cPor uma Belmonte Melhor\u201d. Os membros do grupo se reuniram nas redes sociais para divulgar a campanha de p\u00e1scoa, com o tema \u201cN\u00e3o queremos ovos de P\u00e1scoa, queremos fraldas geri\u00e1tricas\u201d. O objetivo foi arrecadar fraldas [&hellip;]<\/p>\n","protected":false},"author":7,"featured_media":14547,"comment_status":"open","ping_status":"open","sticky":false,"template":"","format":"standard","meta":{"footnotes":""},"categories":[45,1],"tags":[108],"class_list":["post-14545","post","type-post","status-publish","format-standard","has-post-thumbnail","hentry","category-cidades","category-noticias","tag-belmonte"],"_links":{"self":[{"href":"https:\/\/www.maisbn.com\/portal\/wp-json\/wp\/v2\/posts\/14545","targetHints":{"allow":["GET"]}}],"collection":[{"href":"https:\/\/www.maisbn.com\/portal\/wp-json\/wp\/v2\/posts"}],"about":[{"href":"https:\/\/www.maisbn.com\/portal\/wp-json\/wp\/v2\/types\/post"}],"author":[{"embeddable":true,"href":"https:\/\/www.maisbn.com\/portal\/wp-json\/wp\/v2\/users\/7"}],"replies":[{"embeddable":true,"href":"https:\/\/www.maisbn.com\/portal\/wp-json\/wp\/v2\/comments?post=14545"}],"version-history":[{"count":1,"href":"https:\/\/www.maisbn.com\/portal\/wp-json\/wp\/v2\/posts\/14545\/revisions"}],"predecessor-version":[{"id":14549,"href":"https:\/\/www.maisbn.com\/portal\/wp-json\/wp\/v2\/posts\/14545\/revisions\/14549"}],"wp:featuredmedia":[{"embeddable":true,"href":"https:\/\/www.maisbn.com\/portal\/wp-json\/wp\/v2\/media\/14547"}],"wp:attachment":[{"href":"https:\/\/www.maisbn.com\/portal\/wp-json\/wp\/v2\/media?parent=14545"}],"wp:term":[{"taxonomy":"category","embeddable":true,"href":"https:\/\/www.maisbn.com\/portal\/wp-json\/wp\/v2\/categories?post=14545"},{"taxonomy":"post_tag","embeddable":true,"href":"https:\/\/www.maisbn.com\/portal\/wp-json\/wp\/v2\/tags?post=14545"}],"curies":[{"name":"wp","href":"https:\/\/api.w.org\/{rel}","templated":true}]}}