{"id":14525,"date":"2017-04-14T12:01:38","date_gmt":"2017-04-14T15:01:38","guid":{"rendered":"http:\/\/www.maisbn.com\/portal\/?p=14525"},"modified":"2017-04-14T12:20:45","modified_gmt":"2017-04-14T15:20:45","slug":"presidente-da-camara-emite-nota-de-esclarecimento-ao-povo-belmontense-2","status":"publish","type":"post","link":"https:\/\/www.maisbn.com\/portal\/2017\/04\/presidente-da-camara-emite-nota-de-esclarecimento-ao-povo-belmontense-2\/","title":{"rendered":"Presidente da C\u00e2mara emite nota de esclarecimento ao povo belmontense."},"content":{"rendered":"<p class=\"western\"><a href=\"http:\/\/www.maisbn.com\/portal\/wp-content\/uploads\/2017\/04\/foto_presidentecamara.jpg\"><img loading=\"lazy\" decoding=\"async\" class=\"aligncenter size-full wp-image-14523\" src=\"http:\/\/www.maisbn.com\/portal\/wp-content\/uploads\/2017\/04\/foto_presidentecamara.jpg\" alt=\"foto_presidentecamara\" width=\"650\" height=\"412\" \/><\/a><\/p>\n<p class=\"western\">Venho por meio dessa nota externar a minha tristeza e indigna\u00e7\u00e3o com rela\u00e7\u00e3o a uma mat\u00e9ria maldosa que saiu ao meu respeito em um site da regi\u00e3o que afeta a minha conduta como pol\u00edtico e como homem. A citada mat\u00e9ria me acusa injustamente de estar conspirando contra ao atual governo nos bastidores com o objetivo de realizar um suposto sonho de me tornar prefeito, j\u00e1 que, como Presidente do Legislativo Belmontense eu seria o sucessor natural na falta do Prefeito Janival Borges.<\/p>\n<p class=\"western\">Eu quero dizer ao povo de Belmonte que confiou o seu voto \u00e0 minha pessoa que tais alega\u00e7\u00f5es desse meio de comunica\u00e7\u00e3o s\u00e3o mentirosas. Eu tenho uma \u00f3tima rela\u00e7\u00e3o com o Prefeito Janival Borges e com o Deputado Estadual J\u00e2nio Natal e fa\u00e7o parte do grupo pol\u00edtico que hoje comanda os rumos da nossa cidade. Tamb\u00e9m sou parceiro incondicional de todas as a\u00e7\u00f5es do executivo que visam trazer melhorias para a nossa popula\u00e7\u00e3o. A mat\u00e9ria me soa como uma tentativa de causar um mal estar pol\u00edtico e afetar as rela\u00e7\u00f5es cordiais entre os chefes dos poderes Legislativo e Executivo do munic\u00edpio por motivos que para mim s\u00e3o obscuros.<\/p>\n<p class=\"western\">Afirmo ainda que em nenhum momento fui questionado por esse meio de comunica\u00e7\u00e3o sobre o fato que ele relata. O mesmo ainda publicou essa infeliz mat\u00e9ria sem me dar ao menos a chance de me defender, j\u00e1 que, todos os dias estou aqui na Sede da C\u00e2mara de Vereadores atendendo a todos sem distin\u00e7\u00e3o e n\u00e3o tenho conhecimento de que o representante desse site me procurou para saber do meu posicionamento.<\/p>\n<p class=\"western\">Finalizo ressaltando a minha inten\u00e7\u00e3o de prestar contas ao povo de Belmonte na seguran\u00e7a de sempre seguir os meus princ\u00edpios independente de press\u00f5es de quem quer que seja. Afirmo ainda que continuo firme na luta por uma Belmonte melhor no objetivo de retribuir a confian\u00e7a dos belmontenses que foi depositada em mim nas urnas das \u00faltimas elei\u00e7\u00f5es municipais.<\/p>\n<p class=\"western\">Desejo a todos os belmontenses uma feliz P\u00e1scoa e que o senhor proteja e guarde a nossa cidade e o nosso povo.<\/p>\n<p class=\"western\"><strong><em>Aelson Matos<\/em><\/strong><\/p>\n<p class=\"western\"><strong><em>Presidente da C\u00e2mara de Vereadores de Belmonte<\/em><\/strong><\/p>\n","protected":false},"excerpt":{"rendered":"<p>Venho por meio dessa nota externar a minha tristeza e indigna\u00e7\u00e3o com rela\u00e7\u00e3o a uma mat\u00e9ria maldosa que saiu ao meu respeito em um site da regi\u00e3o que afeta a minha conduta como pol\u00edtico e como homem. A citada mat\u00e9ria me acusa injustamente de estar conspirando contra ao atual governo nos bastidores com o objetivo [&hellip;]<\/p>\n","protected":false},"author":7,"featured_media":14523,"comment_status":"open","ping_status":"open","sticky":false,"template":"","format":"standard","meta":{"footnotes":""},"categories":[1,7],"tags":[108],"class_list":["post-14525","post","type-post","status-publish","format-standard","has-post-thumbnail","hentry","category-noticias","category-politica","tag-belmonte"],"_links":{"self":[{"href":"https:\/\/www.maisbn.com\/portal\/wp-json\/wp\/v2\/posts\/14525","targetHints":{"allow":["GET"]}}],"collection":[{"href":"https:\/\/www.maisbn.com\/portal\/wp-json\/wp\/v2\/posts"}],"about":[{"href":"https:\/\/www.maisbn.com\/portal\/wp-json\/wp\/v2\/types\/post"}],"author":[{"embeddable":true,"href":"https:\/\/www.maisbn.com\/portal\/wp-json\/wp\/v2\/users\/7"}],"replies":[{"embeddable":true,"href":"https:\/\/www.maisbn.com\/portal\/wp-json\/wp\/v2\/comments?post=14525"}],"version-history":[{"count":6,"href":"https:\/\/www.maisbn.com\/portal\/wp-json\/wp\/v2\/posts\/14525\/revisions"}],"predecessor-version":[{"id":14532,"href":"https:\/\/www.maisbn.com\/portal\/wp-json\/wp\/v2\/posts\/14525\/revisions\/14532"}],"wp:featuredmedia":[{"embeddable":true,"href":"https:\/\/www.maisbn.com\/portal\/wp-json\/wp\/v2\/media\/14523"}],"wp:attachment":[{"href":"https:\/\/www.maisbn.com\/portal\/wp-json\/wp\/v2\/media?parent=14525"}],"wp:term":[{"taxonomy":"category","embeddable":true,"href":"https:\/\/www.maisbn.com\/portal\/wp-json\/wp\/v2\/categories?post=14525"},{"taxonomy":"post_tag","embeddable":true,"href":"https:\/\/www.maisbn.com\/portal\/wp-json\/wp\/v2\/tags?post=14525"}],"curies":[{"name":"wp","href":"https:\/\/api.w.org\/{rel}","templated":true}]}}