{"id":14518,"date":"2017-04-13T17:18:13","date_gmt":"2017-04-13T20:18:13","guid":{"rendered":"http:\/\/www.maisbn.com\/portal\/?p=14518"},"modified":"2017-04-13T17:18:13","modified_gmt":"2017-04-13T20:18:13","slug":"falta-de-energia-na-captacao-interrompe-abastecimento-de-agua-em-belmonte","status":"publish","type":"post","link":"https:\/\/www.maisbn.com\/portal\/2017\/04\/falta-de-energia-na-captacao-interrompe-abastecimento-de-agua-em-belmonte\/","title":{"rendered":"Falta de energia na capta\u00e7\u00e3o interrompe abastecimento de \u00e1gua em Belmonte."},"content":{"rendered":"<p><a href=\"http:\/\/www.maisbn.com\/portal\/wp-content\/uploads\/2016\/10\/embasa_informe.jpg\"><img loading=\"lazy\" decoding=\"async\" class=\"aligncenter size-full wp-image-12823\" src=\"http:\/\/www.maisbn.com\/portal\/wp-content\/uploads\/2016\/10\/embasa_informe.jpg\" alt=\"embasa_informe\" width=\"704\" height=\"318\" \/><\/a><\/p>\n<p>O Escrit\u00f3rio da Empresa Baiana de \u00c1gua e Saneamento (EMBASA) da cidade de Belmonte informou que o abastecimento de \u00e1gua da sede do munic\u00edpio foi interrompido desde \u00e0s 11:00Hrs da manh\u00e3 dessa quinta-feira (13\/04). O motivo do problema \u00e9 uma falta de energia el\u00e9trica na capta\u00e7\u00e3o do sistema. O fato j\u00e1 foi informado \u00e0 COELBA e est\u00e1 registrado atrav\u00e9s do protocolo 39336.<\/p>\n<p>O gerente da unidade informou que at\u00e9 o momento a COELBA ainda n\u00e3o resolveu o problema e que equipes da EMBASA est\u00e3o de prontid\u00e3o para efetuar as manobras de restaura\u00e7\u00e3o do abastecimento de \u00e1gua na cidade o mais r\u00e1pido poss\u00edvel.<\/p>\n","protected":false},"excerpt":{"rendered":"<p>O Escrit\u00f3rio da Empresa Baiana de \u00c1gua e Saneamento (EMBASA) da cidade de Belmonte informou que o abastecimento de \u00e1gua da sede do munic\u00edpio foi interrompido desde \u00e0s 11:00Hrs da manh\u00e3 dessa quinta-feira (13\/04). O motivo do problema \u00e9 uma falta de energia el\u00e9trica na capta\u00e7\u00e3o do sistema. O fato j\u00e1 foi informado \u00e0 COELBA [&hellip;]<\/p>\n","protected":false},"author":7,"featured_media":12823,"comment_status":"open","ping_status":"open","sticky":false,"template":"","format":"standard","meta":{"footnotes":""},"categories":[45,1],"tags":[108],"class_list":["post-14518","post","type-post","status-publish","format-standard","has-post-thumbnail","hentry","category-cidades","category-noticias","tag-belmonte"],"_links":{"self":[{"href":"https:\/\/www.maisbn.com\/portal\/wp-json\/wp\/v2\/posts\/14518","targetHints":{"allow":["GET"]}}],"collection":[{"href":"https:\/\/www.maisbn.com\/portal\/wp-json\/wp\/v2\/posts"}],"about":[{"href":"https:\/\/www.maisbn.com\/portal\/wp-json\/wp\/v2\/types\/post"}],"author":[{"embeddable":true,"href":"https:\/\/www.maisbn.com\/portal\/wp-json\/wp\/v2\/users\/7"}],"replies":[{"embeddable":true,"href":"https:\/\/www.maisbn.com\/portal\/wp-json\/wp\/v2\/comments?post=14518"}],"version-history":[{"count":1,"href":"https:\/\/www.maisbn.com\/portal\/wp-json\/wp\/v2\/posts\/14518\/revisions"}],"predecessor-version":[{"id":14519,"href":"https:\/\/www.maisbn.com\/portal\/wp-json\/wp\/v2\/posts\/14518\/revisions\/14519"}],"wp:featuredmedia":[{"embeddable":true,"href":"https:\/\/www.maisbn.com\/portal\/wp-json\/wp\/v2\/media\/12823"}],"wp:attachment":[{"href":"https:\/\/www.maisbn.com\/portal\/wp-json\/wp\/v2\/media?parent=14518"}],"wp:term":[{"taxonomy":"category","embeddable":true,"href":"https:\/\/www.maisbn.com\/portal\/wp-json\/wp\/v2\/categories?post=14518"},{"taxonomy":"post_tag","embeddable":true,"href":"https:\/\/www.maisbn.com\/portal\/wp-json\/wp\/v2\/tags?post=14518"}],"curies":[{"name":"wp","href":"https:\/\/api.w.org\/{rel}","templated":true}]}}