{"id":14504,"date":"2017-04-13T09:49:50","date_gmt":"2017-04-13T12:49:50","guid":{"rendered":"http:\/\/www.maisbn.com\/portal\/?p=14504"},"modified":"2017-04-13T09:49:50","modified_gmt":"2017-04-13T12:49:50","slug":"secretaria-municipal-de-saude-realiza-campanha-de-vacinacao-contra-a-influenza","status":"publish","type":"post","link":"https:\/\/www.maisbn.com\/portal\/2017\/04\/secretaria-municipal-de-saude-realiza-campanha-de-vacinacao-contra-a-influenza\/","title":{"rendered":"Secretaria Municipal de Sa\u00fade realiza campanha de vacina\u00e7\u00e3o contra a influenza."},"content":{"rendered":"<p><a href=\"http:\/\/www.maisbn.com\/portal\/wp-content\/uploads\/2017\/04\/campanha_vacinacao_influenza.jpg\"><img loading=\"lazy\" decoding=\"async\" class=\"aligncenter wp-image-14505 size-medium\" src=\"http:\/\/www.maisbn.com\/portal\/wp-content\/uploads\/2017\/04\/campanha_vacinacao_influenza-1000x797.jpg\" alt=\"campanha_vacinacao_influenza\" width=\"1000\" height=\"797\" \/><\/a><\/p>\n<p>A Secretaria Municipal de Sa\u00fade realizar\u00e1 entre os dias 17\/04 e 26\/05 uma grande e intensa campanha de vacina\u00e7\u00e3o visando imunizar a popula\u00e7\u00e3o com rela\u00e7\u00e3o ao v\u00edrus da influenza. Para isso, as equipes de sa\u00fade seguir\u00e3o um extenso calend\u00e1rio de trabalho onde ser\u00e3o efetuadas a vacina\u00e7\u00e3o e a conscientiza\u00e7\u00e3o das pessoas com rela\u00e7\u00e3o aos perigos que a influenza representa para a sa\u00fade.<\/p>\n<p>O p\u00fablico alvo da campanha ser\u00e3o crian\u00e7as de 06 meses a menores de 05 anos, todas as gestantes em qualquer idade gestacional, todas as mulheres no per\u00edodo de 45 dias ap\u00f3s o parto munidas de documentos que comprovem a sua condi\u00e7\u00e3o (certid\u00e3o de nascimento, cart\u00e3o da gestante, documento do hospital onde ocorreu o parto, entre outros), todos os trabalhadores de sa\u00fade dos servi\u00e7os p\u00fablicos e privados, toda a popula\u00e7\u00e3o ind\u00edgena, indiv\u00edduos com 60 anos ou mais de idade, pessoas portadoras de doen\u00e7as cr\u00f4nicas n\u00e3o transmiss\u00edveis e outras condi\u00e7\u00f5es cl\u00ednicas especiais independente da idade munidas de prescri\u00e7\u00e3o m\u00e9dica especificando o motivo da indica\u00e7\u00e3o da vacina e os professores das escolas p\u00fablicas e privadas que devem se apresentar portando o contracheque do \u00faltimo m\u00eas discriminando o cargo de professor ou carteira de trabalho, ambos acompanhados pelo documento de identidade.<\/p>\n<p>O calend\u00e1rio da campanha j\u00e1 esta preparado e ter\u00e1 como o dia D a data de 13\/05, sendo que os dias 17, 18 e 19 ser\u00e3o exclusivos para profissionais da \u00e1rea de sa\u00fade. A Zona Rural tamb\u00e9m ser\u00e1 contemplada com o dia D que acontecer\u00e1 na data de 18\/04 em Boca do C\u00f3rrego, 20\/04 C\u00f3rrego Vermelho, 25\/04 Santa Maria Eterna, 27\/04 Assentamento, 02\/05 Petrol\u00e2ndia e Brejinho (Manh\u00e3), 04\/05 Ub\u00fa (Manh\u00e3), 04\/05 Novo Horizonte e Beira do Rio (Tarde), Buraco do Bicho 09\/05 (Manh\u00e3), Projeto Pia\u00e7ava 11\/05 (Tarde), CEPA 16\/05 (Manh\u00e3), Mogiqui\u00e7aba 18\/05 (Manh\u00e3) e Tuiuti 26\/05 (manh\u00e3).<\/p>\n<p>O Sr. T\u00e1rcio Lapa, Secret\u00e1rio de Sa\u00fade do munic\u00edpio, comentou que as pessoas alvo da campanha n\u00e3o precisam ficar preocupada porque j\u00e1 foi feita toda a log\u00edstica para evitar a falta das doses de vacina. O Secret\u00e1rio ainda comentou que as unidades tamb\u00e9m est\u00e3o prontas e preparadas para atender a popula\u00e7\u00e3o e que acredita que n\u00e3o haver\u00e1 problemas durante a campanha. &#8220;O Prefeito Janival Borges nos deu total apoio e disponibilizou todos os recursos para atender a popula\u00e7\u00e3o. Toda uma estrutura foi preparada para atendermos de forma efetiva tanto a sede do munic\u00edpio como toda a zona rural.&#8221; &#8211; Finalizou T\u00e1rcio Lapa.<\/p>\n<p>Lembramos que a influenza \u00e9 uma doen\u00e7a respirat\u00f3ria infecciosa de origem viral, que pode levar ao agravamento e ao \u00f3bito, especialmente nos indiv\u00edduos que apresentam fatores ou condi\u00e7\u00f5es de risco para as complica\u00e7\u00f5es da infec\u00e7\u00e3o (crian\u00e7as menores de 5 anos de idade, gestantes, adultos com 60 anos ou mais, portadores de doen\u00e7as cr\u00f4nicas n\u00e3o transmiss\u00edveis e outras condi\u00e7\u00f5es cl\u00ednicas especiais). Para o secret\u00e1rio T\u00e1rcio Lapa a vacina\u00e7\u00e3o contra influenza mostra-se como uma das medidas mais efetivas para a preven\u00e7\u00e3o da influenza grave e de suas complica\u00e7\u00f5es.<\/p>\n<p>&nbsp;<\/p>\n<p>&nbsp;<\/p>\n<p>&nbsp;<\/p>\n","protected":false},"excerpt":{"rendered":"<p>A Secretaria Municipal de Sa\u00fade realizar\u00e1 entre os dias 17\/04 e 26\/05 uma grande e intensa campanha de vacina\u00e7\u00e3o visando imunizar a popula\u00e7\u00e3o com rela\u00e7\u00e3o ao v\u00edrus da influenza. Para isso, as equipes de sa\u00fade seguir\u00e3o um extenso calend\u00e1rio de trabalho onde ser\u00e3o efetuadas a vacina\u00e7\u00e3o e a conscientiza\u00e7\u00e3o das pessoas com rela\u00e7\u00e3o aos perigos [&hellip;]<\/p>\n","protected":false},"author":7,"featured_media":14505,"comment_status":"open","ping_status":"open","sticky":false,"template":"","format":"standard","meta":{"footnotes":""},"categories":[1,28],"tags":[614],"class_list":["post-14504","post","type-post","status-publish","format-standard","has-post-thumbnail","hentry","category-noticias","category-saude-noticias","tag-bemonte"],"_links":{"self":[{"href":"https:\/\/www.maisbn.com\/portal\/wp-json\/wp\/v2\/posts\/14504","targetHints":{"allow":["GET"]}}],"collection":[{"href":"https:\/\/www.maisbn.com\/portal\/wp-json\/wp\/v2\/posts"}],"about":[{"href":"https:\/\/www.maisbn.com\/portal\/wp-json\/wp\/v2\/types\/post"}],"author":[{"embeddable":true,"href":"https:\/\/www.maisbn.com\/portal\/wp-json\/wp\/v2\/users\/7"}],"replies":[{"embeddable":true,"href":"https:\/\/www.maisbn.com\/portal\/wp-json\/wp\/v2\/comments?post=14504"}],"version-history":[{"count":1,"href":"https:\/\/www.maisbn.com\/portal\/wp-json\/wp\/v2\/posts\/14504\/revisions"}],"predecessor-version":[{"id":14506,"href":"https:\/\/www.maisbn.com\/portal\/wp-json\/wp\/v2\/posts\/14504\/revisions\/14506"}],"wp:featuredmedia":[{"embeddable":true,"href":"https:\/\/www.maisbn.com\/portal\/wp-json\/wp\/v2\/media\/14505"}],"wp:attachment":[{"href":"https:\/\/www.maisbn.com\/portal\/wp-json\/wp\/v2\/media?parent=14504"}],"wp:term":[{"taxonomy":"category","embeddable":true,"href":"https:\/\/www.maisbn.com\/portal\/wp-json\/wp\/v2\/categories?post=14504"},{"taxonomy":"post_tag","embeddable":true,"href":"https:\/\/www.maisbn.com\/portal\/wp-json\/wp\/v2\/tags?post=14504"}],"curies":[{"name":"wp","href":"https:\/\/api.w.org\/{rel}","templated":true}]}}