{"id":14474,"date":"2017-04-10T21:01:45","date_gmt":"2017-04-11T00:01:45","guid":{"rendered":"http:\/\/www.maisbn.com\/portal\/?p=14474"},"modified":"2017-04-10T21:02:31","modified_gmt":"2017-04-11T00:02:31","slug":"14474","status":"publish","type":"post","link":"https:\/\/www.maisbn.com\/portal\/2017\/04\/14474\/","title":{"rendered":"Policiais civis se re\u00fanem para discutir a\u00e7\u00f5es de protesto contra o governo."},"content":{"rendered":"<p><a href=\"http:\/\/www.maisbn.com\/portal\/wp-content\/uploads\/2017\/04\/policia-civil-e1491868793792.jpg\"><img loading=\"lazy\" decoding=\"async\" class=\"aligncenter size-full wp-image-14475\" src=\"http:\/\/www.maisbn.com\/portal\/wp-content\/uploads\/2017\/04\/policia-civil-e1491868793792.jpg\" alt=\"policia-civil\" width=\"700\" height=\"525\" \/><\/a><\/p>\n<p>Policiais civis se reunir\u00e3o em assembleia na manh\u00e3 desta ter\u00e7a-feira (11) para definir as a\u00e7\u00f5es que ir\u00e3o compor os protestos contra o governo do estado. S\u00e3o esperados investigadores, escriv\u00e3es, delegados e peritos das pol\u00edcias Civil e T\u00e9cnica a partir das 9h, no audit\u00f3rio da Associa\u00e7\u00e3o dos Funcion\u00e1rios P\u00fablicos (AFPBA), na Avenida Carlos Gomes.<\/p>\n<p>A categoria questiona o sil\u00eancio do governo ao ante-projeto de reestrutura\u00e7\u00e3o das carreiras, entregue \u00e0 Secretaria da Administra\u00e7\u00e3o do Estado (Saeb) em outubro do ano passado. A \u00faltima assembleia aprovou uma paralisa\u00e7\u00e3o de 24 horas, cumprida em 2 de dezembro de 2016. Na \u00faltima semana, entidades que representam os servidores da Pol\u00edcia Civil se reuniram com o presidente da Assembleia Legislativa da Bahia (AL-BA), deputado \u00c2ngelo Coronel (PSD), que considerou a proposta coerente e prometeu indic\u00e1-lo ao governador Rui Costa.<\/p>\n<p>De acordo com a categoria, o projeto inclui efetiva\u00e7\u00e3o da aposentadoria com integralidade e paridade, gratifica\u00e7\u00e3o dos servidores que fazem p\u00f3s-gradua\u00e7\u00e3o e reestrutura\u00e7\u00e3o salarial de todas as carreiras da Pol\u00edcia Civil, com base na complexidade e responsabilidade da investiga\u00e7\u00e3o criminal e promo\u00e7\u00e3o interna.<\/p>\n","protected":false},"excerpt":{"rendered":"<p>Policiais civis se reunir\u00e3o em assembleia na manh\u00e3 desta ter\u00e7a-feira (11) para definir as a\u00e7\u00f5es que ir\u00e3o compor os protestos contra o governo do estado. S\u00e3o esperados investigadores, escriv\u00e3es, delegados e peritos das pol\u00edcias Civil e T\u00e9cnica a partir das 9h, no audit\u00f3rio da Associa\u00e7\u00e3o dos Funcion\u00e1rios P\u00fablicos (AFPBA), na Avenida Carlos Gomes. A categoria [&hellip;]<\/p>\n","protected":false},"author":7,"featured_media":14475,"comment_status":"open","ping_status":"open","sticky":false,"template":"","format":"standard","meta":{"footnotes":""},"categories":[1,16],"tags":[108],"class_list":["post-14474","post","type-post","status-publish","format-standard","has-post-thumbnail","hentry","category-noticias","category-policial","tag-belmonte"],"_links":{"self":[{"href":"https:\/\/www.maisbn.com\/portal\/wp-json\/wp\/v2\/posts\/14474","targetHints":{"allow":["GET"]}}],"collection":[{"href":"https:\/\/www.maisbn.com\/portal\/wp-json\/wp\/v2\/posts"}],"about":[{"href":"https:\/\/www.maisbn.com\/portal\/wp-json\/wp\/v2\/types\/post"}],"author":[{"embeddable":true,"href":"https:\/\/www.maisbn.com\/portal\/wp-json\/wp\/v2\/users\/7"}],"replies":[{"embeddable":true,"href":"https:\/\/www.maisbn.com\/portal\/wp-json\/wp\/v2\/comments?post=14474"}],"version-history":[{"count":2,"href":"https:\/\/www.maisbn.com\/portal\/wp-json\/wp\/v2\/posts\/14474\/revisions"}],"predecessor-version":[{"id":14477,"href":"https:\/\/www.maisbn.com\/portal\/wp-json\/wp\/v2\/posts\/14474\/revisions\/14477"}],"wp:featuredmedia":[{"embeddable":true,"href":"https:\/\/www.maisbn.com\/portal\/wp-json\/wp\/v2\/media\/14475"}],"wp:attachment":[{"href":"https:\/\/www.maisbn.com\/portal\/wp-json\/wp\/v2\/media?parent=14474"}],"wp:term":[{"taxonomy":"category","embeddable":true,"href":"https:\/\/www.maisbn.com\/portal\/wp-json\/wp\/v2\/categories?post=14474"},{"taxonomy":"post_tag","embeddable":true,"href":"https:\/\/www.maisbn.com\/portal\/wp-json\/wp\/v2\/tags?post=14474"}],"curies":[{"name":"wp","href":"https:\/\/api.w.org\/{rel}","templated":true}]}}