{"id":14435,"date":"2017-04-06T10:45:36","date_gmt":"2017-04-06T13:45:36","guid":{"rendered":"http:\/\/www.maisbn.com\/portal\/?p=14435"},"modified":"2017-04-06T10:45:36","modified_gmt":"2017-04-06T13:45:36","slug":"deputado-diz-que-dialogo-e-desmilitarizacao-sao-caminhos-apos-stf-proibir-greve-de-policiais","status":"publish","type":"post","link":"https:\/\/www.maisbn.com\/portal\/2017\/04\/deputado-diz-que-dialogo-e-desmilitarizacao-sao-caminhos-apos-stf-proibir-greve-de-policiais\/","title":{"rendered":"Deputado diz que &#8216;Di\u00e1logo&#8217; e desmilitariza\u00e7\u00e3o s\u00e3o caminhos ap\u00f3s STF proibir greve de policiais."},"content":{"rendered":"<p><a href=\"http:\/\/www.maisbn.com\/portal\/wp-content\/uploads\/2017\/03\/650x375_prisco-pm-reintegracao_1544311.jpg\"><img loading=\"lazy\" decoding=\"async\" class=\"aligncenter size-full wp-image-14272\" src=\"http:\/\/www.maisbn.com\/portal\/wp-content\/uploads\/2017\/03\/650x375_prisco-pm-reintegracao_1544311.jpg\" alt=\"650x375_prisco-pm-reintegracao_1544311\" width=\"650\" height=\"375\" \/><\/a><\/p>\n<p>O deputado estadual Soldado Prisco (PPS) avaliou que, se por um lado a decis\u00e3o do Supremo Tribunal Federal (STF) de ratificar a proibi\u00e7\u00e3o a greves de policiais n\u00e3o muda muito o que h\u00e1 atualmente \u2013 os movimentos paredistas das categoriais j\u00e1 eram\u00a0considerados ilegais pela Constitui\u00e7\u00e3o \u2013 o fato de a Corte obrigar a participa\u00e7\u00e3o do poder p\u00fablico na media\u00e7\u00e3o com sindicatos cria esperan\u00e7a para as classes. \u201cA gente nunca teve esse direito [a fazer greve]. A gente sabia que isso nunca ia ser concedido. Mas, agora, cabe ao governo do estado e do Poder Judici\u00e1rio dialogarem.<\/p>\n<p>Como o Poder Judici\u00e1rio pode negociar, acho muito salutar abrir o di\u00e1logo do Judici\u00e1rio com o Executivo, porque, \u00e0s vezes, governos se utilizam da lei, sucateiam a corpora\u00e7\u00e3o e n\u00e3o sentam para negociar\u201d, criticou em entrevista ao Bahia Not\u00edcias. O parlamentar ainda defendeu a desmilitariza\u00e7\u00e3o da pol\u00edcia como forma de evitar o \u201csucateamento\u201d da Pol\u00edcia Militar. \u201cIsso [a decis\u00e3o do Supremo] acaba sufocando uma categoria muito importante para toda sociedade. Como fica agora nosso direito?\u201d, questionou.<\/p>\n","protected":false},"excerpt":{"rendered":"<p>O deputado estadual Soldado Prisco (PPS) avaliou que, se por um lado a decis\u00e3o do Supremo Tribunal Federal (STF) de ratificar a proibi\u00e7\u00e3o a greves de policiais n\u00e3o muda muito o que h\u00e1 atualmente \u2013 os movimentos paredistas das categoriais j\u00e1 eram\u00a0considerados ilegais pela Constitui\u00e7\u00e3o \u2013 o fato de a Corte obrigar a participa\u00e7\u00e3o do [&hellip;]<\/p>\n","protected":false},"author":7,"featured_media":14272,"comment_status":"open","ping_status":"open","sticky":false,"template":"","format":"standard","meta":{"footnotes":""},"categories":[45,1],"tags":[108],"class_list":["post-14435","post","type-post","status-publish","format-standard","has-post-thumbnail","hentry","category-cidades","category-noticias","tag-belmonte"],"_links":{"self":[{"href":"https:\/\/www.maisbn.com\/portal\/wp-json\/wp\/v2\/posts\/14435","targetHints":{"allow":["GET"]}}],"collection":[{"href":"https:\/\/www.maisbn.com\/portal\/wp-json\/wp\/v2\/posts"}],"about":[{"href":"https:\/\/www.maisbn.com\/portal\/wp-json\/wp\/v2\/types\/post"}],"author":[{"embeddable":true,"href":"https:\/\/www.maisbn.com\/portal\/wp-json\/wp\/v2\/users\/7"}],"replies":[{"embeddable":true,"href":"https:\/\/www.maisbn.com\/portal\/wp-json\/wp\/v2\/comments?post=14435"}],"version-history":[{"count":1,"href":"https:\/\/www.maisbn.com\/portal\/wp-json\/wp\/v2\/posts\/14435\/revisions"}],"predecessor-version":[{"id":14436,"href":"https:\/\/www.maisbn.com\/portal\/wp-json\/wp\/v2\/posts\/14435\/revisions\/14436"}],"wp:featuredmedia":[{"embeddable":true,"href":"https:\/\/www.maisbn.com\/portal\/wp-json\/wp\/v2\/media\/14272"}],"wp:attachment":[{"href":"https:\/\/www.maisbn.com\/portal\/wp-json\/wp\/v2\/media?parent=14435"}],"wp:term":[{"taxonomy":"category","embeddable":true,"href":"https:\/\/www.maisbn.com\/portal\/wp-json\/wp\/v2\/categories?post=14435"},{"taxonomy":"post_tag","embeddable":true,"href":"https:\/\/www.maisbn.com\/portal\/wp-json\/wp\/v2\/tags?post=14435"}],"curies":[{"name":"wp","href":"https:\/\/api.w.org\/{rel}","templated":true}]}}