{"id":14433,"date":"2017-04-06T10:23:34","date_gmt":"2017-04-06T13:23:34","guid":{"rendered":"http:\/\/www.maisbn.com\/portal\/?p=14433"},"modified":"2017-04-06T10:23:34","modified_gmt":"2017-04-06T13:23:34","slug":"forcas-de-seguranca-estao-impedidas-de-fazer-greve-conforme-decisao-do-stf","status":"publish","type":"post","link":"https:\/\/www.maisbn.com\/portal\/2017\/04\/forcas-de-seguranca-estao-impedidas-de-fazer-greve-conforme-decisao-do-stf\/","title":{"rendered":"For\u00e7as de Seguran\u00e7a est\u00e3o impedidas de fazer greve, conforme decis\u00e3o do STF."},"content":{"rendered":"<p><a href=\"http:\/\/www.maisbn.com\/portal\/wp-content\/uploads\/2014\/04\/greve_pm_ba.jpg\"><img loading=\"lazy\" decoding=\"async\" class=\"aligncenter size-full wp-image-4946\" src=\"http:\/\/www.maisbn.com\/portal\/wp-content\/uploads\/2014\/04\/greve_pm_ba.jpg\" alt=\"A greve da pol\u00edcia militar em Salvador culminou em diversas ondas de viol\u00eancia pela capital baiana nos \u00faltimos dias\" width=\"435\" height=\"324\" \/><\/a><\/p>\n<p>O Supremo Tribunal Federal declarou nesta quarta-feira (4\/5) que \u00e9 inconstitucional o direito de greve para as carreiras policiais. Com isso, o tribunal veta a pr\u00e1tica de paralisa\u00e7\u00f5es pela Pol\u00edcia Federal, Pol\u00edcia Civil, Pol\u00edcia Militar, corpo de bombeiro militares, Pol\u00edcia Rodovi\u00e1ria Federal e Pol\u00edcia Ferrovi\u00e1ria federal.<\/p>\n<p>Por 7 votos a 3, os ministros entenderam que essas carreiras s\u00e3o essenciais para garantir a ordem p\u00fablica e a seguran\u00e7a e que, portanto, nenhuma for\u00e7a policial tem direito a aderir ao movimento grevista. Diante disso, a maioria do Supremo entendeu que direito fundamental da sociedade deve prevalecer ao direito individual do servidor. Ficou definido ainda que o ente p\u00fablico ter\u00e1 a\u00a0obriga\u00e7\u00e3o de participar de media\u00e7\u00f5es criadas por entidades que representam servidores das carreiras de seguran\u00e7a p\u00fablica para negociar reivindica\u00e7\u00f5es.<\/p>\n<p>Votaram para impedir o direito de greve pelas carreiras policias os ministros Alexandre de Moraes, Lu\u00eds Roberto Barroso, Luiz Fux, Dias Toffoli, Ricardo Lewandowski, Gilmar Mendes e a presidente do Supremo, C\u00e1rmen L\u00facia. Os ministros Edson Fachin, Rosa Weber e Marco Aur\u00e9lio Mello defenderam o direito de greve aos policiais civis, com limites impostos pela Justi\u00e7a.<\/p>\n<p>O STF discutiu um recurso da Procuradoria do Estado de Goi\u00e1s questionando decis\u00e3o do Tribunal de Justi\u00e7a de Goi\u00e1s que declarou leg\u00edtimo o exerc\u00edcio do direito de greve por parte dos policiais civis do Estado.\u00a0O Estado de Goi\u00e1s argumentou que exerc\u00edcio do direito de greve ilimitado por policiais civis tem reflexos sociais, econ\u00f4micos, jur\u00eddicos e pol\u00edticos que ultrapassam os interesses subjetivos da causa. No julgamento, os ministros estabeleceram a seguinte tese para repercuss\u00e3o geral, ou seja, orienta\u00e7\u00e3o para inst\u00e2ncias inferiores.<\/p>\n<p>Item 1. O exerc\u00edcio do direito de greve sobre qualquer forma ou modalidade \u00e9 vedado aos policiais civis e a todos os servidores p\u00fablicos que atuem diretamente na \u00e1rea de seguran\u00e7a p\u00fablica.<\/p>\n<p>Item 2. \u00c9 obrigat\u00f3ria a participa\u00e7\u00e3o do Poder P\u00fablico em media\u00e7\u00e3o instaurada pelos \u00f3rg\u00e3os classistas das carreiras de seguran\u00e7a p\u00fablica nos termos do artigo 165 do CPC para vocaliza\u00e7\u00e3o dos interesses da categoria ( fica prevista uma media\u00e7\u00e3o do \u00a0Poder Judici\u00e1rio)<\/p>\n","protected":false},"excerpt":{"rendered":"<p>O Supremo Tribunal Federal declarou nesta quarta-feira (4\/5) que \u00e9 inconstitucional o direito de greve para as carreiras policiais. Com isso, o tribunal veta a pr\u00e1tica de paralisa\u00e7\u00f5es pela Pol\u00edcia Federal, Pol\u00edcia Civil, Pol\u00edcia Militar, corpo de bombeiro militares, Pol\u00edcia Rodovi\u00e1ria Federal e Pol\u00edcia Ferrovi\u00e1ria federal. Por 7 votos a 3, os ministros entenderam que [&hellip;]<\/p>\n","protected":false},"author":7,"featured_media":4946,"comment_status":"open","ping_status":"open","sticky":false,"template":"","format":"standard","meta":{"footnotes":""},"categories":[20,1],"tags":[435],"class_list":["post-14433","post","type-post","status-publish","format-standard","has-post-thumbnail","hentry","category-bahia","category-noticias","tag-belmonte-bahia-3"],"_links":{"self":[{"href":"https:\/\/www.maisbn.com\/portal\/wp-json\/wp\/v2\/posts\/14433","targetHints":{"allow":["GET"]}}],"collection":[{"href":"https:\/\/www.maisbn.com\/portal\/wp-json\/wp\/v2\/posts"}],"about":[{"href":"https:\/\/www.maisbn.com\/portal\/wp-json\/wp\/v2\/types\/post"}],"author":[{"embeddable":true,"href":"https:\/\/www.maisbn.com\/portal\/wp-json\/wp\/v2\/users\/7"}],"replies":[{"embeddable":true,"href":"https:\/\/www.maisbn.com\/portal\/wp-json\/wp\/v2\/comments?post=14433"}],"version-history":[{"count":1,"href":"https:\/\/www.maisbn.com\/portal\/wp-json\/wp\/v2\/posts\/14433\/revisions"}],"predecessor-version":[{"id":14434,"href":"https:\/\/www.maisbn.com\/portal\/wp-json\/wp\/v2\/posts\/14433\/revisions\/14434"}],"wp:featuredmedia":[{"embeddable":true,"href":"https:\/\/www.maisbn.com\/portal\/wp-json\/wp\/v2\/media\/4946"}],"wp:attachment":[{"href":"https:\/\/www.maisbn.com\/portal\/wp-json\/wp\/v2\/media?parent=14433"}],"wp:term":[{"taxonomy":"category","embeddable":true,"href":"https:\/\/www.maisbn.com\/portal\/wp-json\/wp\/v2\/categories?post=14433"},{"taxonomy":"post_tag","embeddable":true,"href":"https:\/\/www.maisbn.com\/portal\/wp-json\/wp\/v2\/tags?post=14433"}],"curies":[{"name":"wp","href":"https:\/\/api.w.org\/{rel}","templated":true}]}}